{"id":6363,"date":"2025-10-27T15:44:51","date_gmt":"2025-10-27T15:44:51","guid":{"rendered":"https:\/\/www.tmlmobilidade.pt\/?p=6363"},"modified":"2025-10-27T16:10:20","modified_gmt":"2025-10-27T16:10:20","slug":"assembleia-geral-do-deployemds-especialistas-em-dados-sobre-mobilidade-reuniram-se-em-lisboa","status":"publish","type":"post","link":"https:\/\/www.tmlmobilidade.pt\/en\/comunicacao\/noticias\/assembleia-geral-do-deployemds-especialistas-em-dados-sobre-mobilidade-reuniram-se-em-lisboa\/","title":{"rendered":"Assembleia Geral do DeployEMDS: especialistas em dados sobre mobilidade reuniram-se em Lisboa"},"content":{"rendered":"\n<p>Entre os dias 21 e 23 de outubro, Lisboa acolheu a 3.\u00aa Assembleia Geral do Projeto Europeu <a href=\"https:\/\/deployemds.eu\/\">DeployEMDS<\/a>, do qual a TML \u2013 Transportes Metropolitano de Lisboa \u00e9 parceira e que visa facilitar o acesso, a transforma\u00e7\u00e3o e a partilha de dados de mobilidade, promovendo um transporte mais eficiente, seguro, sustent\u00e1vel e resiliente.<\/p>\n\n\n\n<p>Foi num ambiente de grande informalidade e entusiasmo que a TML e a EMEL, parceiras do projeto em Portugal e anfitri\u00e3s do evento, receberam mais de 80 profissionais do setor, que chegaram de v\u00e1rios pontos da Europa. Afinal, tratava-se de um momento presencial de planeamento, aprendizagem e interc\u00e2mbio entre pares, naquele que foi o arranque do \u00faltimo ano de implementa\u00e7\u00e3o deste projeto que j\u00e1 dura h\u00e1 dois anos. \u201cEst\u00e1 na hora de concretizar!\u201d, afirmou Christopher Newman, coordenador do projeto, no momento de boas-vindas, que aconteceu no Impact Hub Lisbon, entre muitos sorrisos e convites a provar os famosos past\u00e9is de nata da cidade.<\/p>\n\n\n\n<figure class=\"wp-block-image size-full\"><img loading=\"lazy\" width=\"1000\" height=\"505\" src=\"https:\/\/www.tmlmobilidade.pt\/wp-content\/uploads\/2025\/10\/IMG_20251022_120657156-1.png\" alt=\"\" class=\"wp-image-6368\" srcset=\"https:\/\/www.tmlmobilidade.pt\/wp-content\/uploads\/2025\/10\/IMG_20251022_120657156-1.png 1000w, https:\/\/www.tmlmobilidade.pt\/wp-content\/uploads\/2025\/10\/IMG_20251022_120657156-1-300x152.png 300w, https:\/\/www.tmlmobilidade.pt\/wp-content\/uploads\/2025\/10\/IMG_20251022_120657156-1-768x388.png 768w\" sizes=\"(max-width: 1000px) 100vw, 1000px\" \/><\/figure>\n\n\n\n<p><strong>\u201cTemos um ano para encontrar solu\u00e7\u00f5es pr\u00e1ticas juntos\u201d<\/strong><\/p>\n\n\n\n<p>Recorde-se que o projeto DeployEMDS (European Mobility Data Space), que foi lan\u00e7ado oficialmente em novembro de 2023 e tem 31 de outubro de 2026 como data de conclus\u00e3o, responde aos desafios descritos no Programa Europa Digital da UE para ajudar a tornar o espa\u00e7o comum europeu de dados de mobilidade uma realidade. Ao todo, o projeto j\u00e1 est\u00e1 a apoiar ativamente mais de 20 projetos de implementa\u00e7\u00e3o em nove regi\u00f5es da Uni\u00e3o Europeia &#8211; Barcelona (Espanha), \u00cele-de-France (Fran\u00e7a), Mil\u00e3o (It\u00e1lia), Lisboa (Portugal), Flandres (B\u00e9lgica), S\u00f3fia (Bulg\u00e1ria), Estocolmo (Su\u00e9cia), Tampere (Finl\u00e2ndia), e Budapeste (Hungria). Em Portugal s\u00e3o tr\u00eas os projetos, sendo um deles da responsabilidade da TML.<\/p>\n\n\n\n<p>Sobre o envolvimento da TML no projeto europeu, Faustino Gomes, presidente da entidade, manifestou grande confian\u00e7a e esperan\u00e7a. No primeiro painel de debate da Assembleia Geral \u2013 onde teve a oportunidade de trocar ideias com Dimitrios Gkatzoflias, respons\u00e1vel por pol\u00edticas na \u00e1rea de mobilidade e dados de transporte na Comiss\u00e3o Europeia; Sofia Taborda, Diretora de Inova\u00e7\u00e3o e Solu\u00e7\u00f5es de Mobilidade da EMEL; Laura Bab\u00edo Somoza especialista em efici\u00eancia no tr\u00e2nsito &nbsp;e transi\u00e7\u00e3o justa da POLIS Network; e Christopher Newman, coordenador do projeto DeployEMDS da Acatech \u2013 Faustino Gomes evidenciou a import\u00e2ncia dos dados no planeamento das opera\u00e7\u00f5es da empresa.<\/p>\n\n\n\n<p>Por outro lado, e sendo a TML uma das maiores Autoridades de Transporte em Portugal, \u201ca partilha de dados com todas as outras autoridades e stakeholders \u00e9 muito ben\u00e9fica, na medida em que essa partilha conduz a uma aprendizagem mais r\u00e1pida e \u00e0 disponibiliza\u00e7\u00e3o de novos servi\u00e7os\u201d, concluiu.<\/p>\n\n\n\n<p>Note-se que o caso de uso que a TML est\u00e1 a desenvolver no \u00e2mbito do DeployEMDS foi concebido para disponibilizar informa\u00e7\u00e3o estruturada sobre as perturba\u00e7\u00f5es nos servi\u00e7os da Carris Metropolitana, comparando dados reais, com dados de refer\u00eancia.<\/p>\n\n\n\n<p><strong>A experi\u00eancia da TML<\/strong><\/p>\n\n\n\n<p>A Assembleia Geral contou ainda, no seu programa, com visitas t\u00e9cnicas em Lisboa. Na TML, os participantes tiveram a oportunidade de conhecer a sala de controlo da Carris Metropolitana, onde toda a opera\u00e7\u00e3o \u00e9 monitorizada em tempo real atrav\u00e9s de uma plataforma constru\u00edda internamente para esse efeito e que come\u00e7a j\u00e1 a ser expandida para outras operadoras de transporte.<\/p>\n\n\n\n<figure class=\"wp-block-image size-full\"><img loading=\"lazy\" width=\"1000\" height=\"500\" src=\"https:\/\/www.tmlmobilidade.pt\/wp-content\/uploads\/2025\/10\/IMG_20251022_173752551_iOS.png\" alt=\"\" class=\"wp-image-6369\" srcset=\"https:\/\/www.tmlmobilidade.pt\/wp-content\/uploads\/2025\/10\/IMG_20251022_173752551_iOS.png 1000w, https:\/\/www.tmlmobilidade.pt\/wp-content\/uploads\/2025\/10\/IMG_20251022_173752551_iOS-300x150.png 300w, https:\/\/www.tmlmobilidade.pt\/wp-content\/uploads\/2025\/10\/IMG_20251022_173752551_iOS-768x384.png 768w\" sizes=\"(max-width: 1000px) 100vw, 1000px\" \/><\/figure>\n\n\n\n<p><\/p>\n\n\n\n<p>Seguiu-se uma demonstra\u00e7\u00e3o do caso em estudo da TML, no \u00e2mbito do DeployEMDS, a ferramenta que permite identificar e classificar a severidade das perturba\u00e7\u00f5es na opera\u00e7\u00e3o da Carris Metropolitana, de forma a aumentar a efici\u00eancia da opera\u00e7\u00e3o e a confian\u00e7a nos hor\u00e1rios e no servi\u00e7o da operadora de transportes, contribuindo para a atratividade do transporte p\u00fablico como um todo.<\/p>\n\n\n\n<p>\u201cEstamos a desenvolver dashboards de base geogr\u00e1fica e temporal, que permitir\u00e3o a munic\u00edpios, autoridades de transporte, gestores de infraestruturas, operadores e passageiros terem conhecimento das causas e impactos daquelas perturba\u00e7\u00f5es, promovendo assim processos de tomada de decis\u00e3o mais informados e a identifica\u00e7\u00e3o das solu\u00e7\u00f5es mais adequadas, em cada caso: sistemas de prioridade semaf\u00f3rica, cria\u00e7\u00e3o de vias BUS, altera\u00e7\u00e3o do esquema de circula\u00e7\u00e3o rodovi\u00e1ria, altera\u00e7\u00e3o de paragens, etc\u201d.<\/p>\n\n\n\n<p>\u201cA utiliza\u00e7\u00e3o de dados standardizados permitir\u00e1 que o caso de uso seja replicado por outras Autoridades de Transporte e operadores de servi\u00e7os de transporte p\u00fablico rodovi\u00e1rio de passageiros\u201d, esclareceu a TML, \u201cmas j\u00e1 estamos a conseguir tirar conclus\u00f5es que s\u00e3o promissoras quanto ao valor acrescentado da ferramenta\u201d.<\/p>\n\n\n\n<p><\/p>\n\n\n\n<figure class=\"wp-block-image size-large\"><img loading=\"lazy\" width=\"1024\" height=\"768\" src=\"https:\/\/www.tmlmobilidade.pt\/wp-content\/uploads\/2025\/10\/IMG_20251022_172627-1024x768.jpg\" alt=\"\" class=\"wp-image-6370\" srcset=\"https:\/\/www.tmlmobilidade.pt\/wp-content\/uploads\/2025\/10\/IMG_20251022_172627-1024x768.jpg 1024w, https:\/\/www.tmlmobilidade.pt\/wp-content\/uploads\/2025\/10\/IMG_20251022_172627-300x225.jpg 300w, https:\/\/www.tmlmobilidade.pt\/wp-content\/uploads\/2025\/10\/IMG_20251022_172627-768x576.jpg 768w, https:\/\/www.tmlmobilidade.pt\/wp-content\/uploads\/2025\/10\/IMG_20251022_172627-1536x1152.jpg 1536w, https:\/\/www.tmlmobilidade.pt\/wp-content\/uploads\/2025\/10\/IMG_20251022_172627-2048x1536.jpg 2048w\" sizes=\"(max-width: 1024px) 100vw, 1024px\" \/><\/figure>\n","protected":false},"excerpt":{"rendered":"<p>Entre os dias 21 e 23 de outubro, Lisboa acolheu a 3.\u00aa Assembleia Geral do Projeto Europeu DeployEMDS, do qual a TML \u2013 Transportes Metropolitano de Lisboa \u00e9 parceira e que visa facilitar o acesso, a transforma\u00e7\u00e3o e a partilha de dados de mobilidade, promovendo um transporte mais eficiente, seguro, sustent\u00e1vel e resiliente. Foi num<a class=\"excerpt-read-more\" href=\"https:\/\/www.tmlmobilidade.pt\/en\/comunicacao\/noticias\/assembleia-geral-do-deployemds-especialistas-em-dados-sobre-mobilidade-reuniram-se-em-lisboa\/\" title=\"ReadAssembleia Geral do DeployEMDS: especialistas em dados sobre mobilidade reuniram-se em Lisboa\">&#8230; Read more &raquo;<\/a><\/p>\n","protected":false},"author":8,"featured_media":0,"comment_status":"closed","ping_status":"closed","sticky":false,"template":"","format":"standard","meta":[],"categories":[47],"tags":[],"acf":[],"_links":{"self":[{"href":"https:\/\/www.tmlmobilidade.pt\/en\/wp-json\/wp\/v2\/posts\/6363"}],"collection":[{"href":"https:\/\/www.tmlmobilidade.pt\/en\/wp-json\/wp\/v2\/posts"}],"about":[{"href":"https:\/\/www.tmlmobilidade.pt\/en\/wp-json\/wp\/v2\/types\/post"}],"author":[{"embeddable":true,"href":"https:\/\/www.tmlmobilidade.pt\/en\/wp-json\/wp\/v2\/users\/8"}],"replies":[{"embeddable":true,"href":"https:\/\/www.tmlmobilidade.pt\/en\/wp-json\/wp\/v2\/comments?post=6363"}],"version-history":[{"count":4,"href":"https:\/\/www.tmlmobilidade.pt\/en\/wp-json\/wp\/v2\/posts\/6363\/revisions"}],"predecessor-version":[{"id":6375,"href":"https:\/\/www.tmlmobilidade.pt\/en\/wp-json\/wp\/v2\/posts\/6363\/revisions\/6375"}],"wp:attachment":[{"href":"https:\/\/www.tmlmobilidade.pt\/en\/wp-json\/wp\/v2\/media?parent=6363"}],"wp:term":[{"taxonomy":"category","embeddable":true,"href":"https:\/\/www.tmlmobilidade.pt\/en\/wp-json\/wp\/v2\/categories?post=6363"},{"taxonomy":"post_tag","embeddable":true,"href":"https:\/\/www.tmlmobilidade.pt\/en\/wp-json\/wp\/v2\/tags?post=6363"}],"curies":[{"name":"wp","href":"https:\/\/api.w.org\/{rel}","templated":true}]}}