{"id":6133,"date":"2025-09-16T11:16:52","date_gmt":"2025-09-16T11:16:52","guid":{"rendered":"https:\/\/www.tmlmobilidade.pt\/?p=6133"},"modified":"2025-09-16T11:16:53","modified_gmt":"2025-09-16T11:16:53","slug":"navegante-mobile-entra-em-fase-de-testes-passageiros-convidados-a-experimentar-o-futuro-da-mobilidade","status":"publish","type":"post","link":"https:\/\/www.tmlmobilidade.pt\/en\/comunicacao\/noticias\/navegante-mobile-entra-em-fase-de-testes-passageiros-convidados-a-experimentar-o-futuro-da-mobilidade\/","title":{"rendered":"navegante\u00ae mobile entra em fase de testes: passageiros convidados a experimentar o futuro da mobilidade"},"content":{"rendered":"\n<p>A Transportes Metropolitanos de Lisboa (TML) est\u00e1 a desafiar os passageiros da \u00e1rea metropolitana de Lisboa a testarem, em primeira m\u00e3o, o <strong>navegante\u00ae mobile<\/strong>, nos servi\u00e7os da Carris Metropolitana.<\/p>\n\n\n\n<p>O <strong>navegante\u00ae mobile&nbsp;<\/strong>\u00e9 um cart\u00e3o digital que permite usar o passe mensal navegante\u00ae no smartphone atrav\u00e9s da tecnologia NFC e ser\u00e1 lan\u00e7ado, em fase de testes, nos pr\u00f3ximos dias. A TML pretende aproximar-se dos utilizadores, procurando envolv\u00ea-los nesta fase de testes para melhor compreender as suas necessidades, recolher feedback direto e identificar algumas corre\u00e7\u00f5es que possam surgir ainda nesta fase.<\/p>\n\n\n\n<p>&nbsp;Com capacidade e ambi\u00e7\u00e3o de servir centenas de milhares de pessoas, o navegante\u00ae mobile registar\u00e1 uma ades\u00e3o massiva e colocar\u00e1 uma elevada exig\u00eancia sobre o sistema. Por isso, a TML \u2014 enquanto entidade gestora da bilh\u00e9tica \u2014 est\u00e1 a avan\u00e7ar com uma fase de testes controlada, de forma a minimizar riscos, refor\u00e7ar a fiabilidade e assegurar o melhor servi\u00e7o de suporte ao cliente.<\/p>\n\n\n\n<p><em>\u201cEste \u00e9 um passo decisivo na digitaliza\u00e7\u00e3o e simplifica\u00e7\u00e3o da mobilidade na \u00e1rea metropolitana de Lisboa. Queremos garantir que o lan\u00e7amento do navegante\u00ae mobile acontece de forma robusta e segura, e nada melhor do que envolvermos desde j\u00e1 os utilizadores nesta etapa de testes,\u201d<\/em> refere Rui Lopo, administrador da TML.<\/p>\n\n\n\n<p>Nesta etapa, convidamos os utilizadores da Carris Metropolitana a testar o navegante\u00ae mobile. Durante os pr\u00f3ximos dias poder\u00e3o inscrever-se como <em>beta testers<\/em> atrav\u00e9s do website <strong><a href=\"https:\/\/www.navegante.pt\/\">navegante<\/a><\/strong> ou diretamente por <strong><a href=\"https:\/\/lp.egoi.page\/bese7Pii\/inscricao_bt25nm\">aqui<\/a><\/strong>.<\/p>\n\n\n\n<p>Dispon\u00edvel para iOS e Android, a aplica\u00e7\u00e3o navegante\u00ae foi concebida para facilitar a vida de quem se desloca diariamente na AML, oferecendo uma solu\u00e7\u00e3o mais \u00e1gil, sustent\u00e1vel e amiga do ambiente.<\/p>\n","protected":false},"excerpt":{"rendered":"<p>A Transportes Metropolitanos de Lisboa (TML) est\u00e1 a desafiar os passageiros da \u00e1rea metropolitana de Lisboa a testarem, em primeira m\u00e3o, o navegante\u00ae mobile, nos servi\u00e7os da Carris Metropolitana. O navegante\u00ae mobile&nbsp;\u00e9 um cart\u00e3o digital que permite usar o passe mensal navegante\u00ae no smartphone atrav\u00e9s da tecnologia NFC e ser\u00e1 lan\u00e7ado, em fase de testes,<a class=\"excerpt-read-more\" href=\"https:\/\/www.tmlmobilidade.pt\/en\/comunicacao\/noticias\/navegante-mobile-entra-em-fase-de-testes-passageiros-convidados-a-experimentar-o-futuro-da-mobilidade\/\" title=\"Readnavegante\u00ae mobile entra em fase de testes: passageiros convidados a experimentar o futuro da mobilidade\">&#8230; Read more &raquo;<\/a><\/p>\n","protected":false},"author":8,"featured_media":0,"comment_status":"closed","ping_status":"closed","sticky":false,"template":"","format":"standard","meta":[],"categories":[47],"tags":[],"acf":[],"_links":{"self":[{"href":"https:\/\/www.tmlmobilidade.pt\/en\/wp-json\/wp\/v2\/posts\/6133"}],"collection":[{"href":"https:\/\/www.tmlmobilidade.pt\/en\/wp-json\/wp\/v2\/posts"}],"about":[{"href":"https:\/\/www.tmlmobilidade.pt\/en\/wp-json\/wp\/v2\/types\/post"}],"author":[{"embeddable":true,"href":"https:\/\/www.tmlmobilidade.pt\/en\/wp-json\/wp\/v2\/users\/8"}],"replies":[{"embeddable":true,"href":"https:\/\/www.tmlmobilidade.pt\/en\/wp-json\/wp\/v2\/comments?post=6133"}],"version-history":[{"count":2,"href":"https:\/\/www.tmlmobilidade.pt\/en\/wp-json\/wp\/v2\/posts\/6133\/revisions"}],"predecessor-version":[{"id":6138,"href":"https:\/\/www.tmlmobilidade.pt\/en\/wp-json\/wp\/v2\/posts\/6133\/revisions\/6138"}],"wp:attachment":[{"href":"https:\/\/www.tmlmobilidade.pt\/en\/wp-json\/wp\/v2\/media?parent=6133"}],"wp:term":[{"taxonomy":"category","embeddable":true,"href":"https:\/\/www.tmlmobilidade.pt\/en\/wp-json\/wp\/v2\/categories?post=6133"},{"taxonomy":"post_tag","embeddable":true,"href":"https:\/\/www.tmlmobilidade.pt\/en\/wp-json\/wp\/v2\/tags?post=6133"}],"curies":[{"name":"wp","href":"https:\/\/api.w.org\/{rel}","templated":true}]}}