{"id":6105,"date":"2025-09-05T20:27:07","date_gmt":"2025-09-05T20:27:07","guid":{"rendered":"https:\/\/www.tmlmobilidade.pt\/?p=6105"},"modified":"2025-09-23T15:09:14","modified_gmt":"2025-09-23T15:09:14","slug":"aml-aprova-relatorios-estrategicos-do-plano-metropolitano-de-mobilidade-urbana-sustentavel","status":"publish","type":"post","link":"https:\/\/www.tmlmobilidade.pt\/en\/comunicacao\/noticias\/aml-aprova-relatorios-estrategicos-do-plano-metropolitano-de-mobilidade-urbana-sustentavel\/","title":{"rendered":"AML aprova, por unanimidade, o Plano Metropolitano de Mobilidade Urbana Sustent\u00e1vel  e a Avalia\u00e7\u00e3o Ambiental Estrat\u00e9gica do mesmo"},"content":{"rendered":"\n<p>Na reuni\u00e3o de 4 de setembro, o <strong>Conselho Metropolitano de Lisboa<\/strong> deu luz verde a um conjunto de documentos fundamentais que constituem o Plano Metropolitano de Mobilidade Urbana Sustent\u00e1vel (PMMUS) da \u00c1rea Metropolitana de Lisboa, e mandatou a Transportes Metropolitanos de Lisboa para prosseguir com os instrumentos para a sua implementa\u00e7\u00e3o, monitoriza\u00e7\u00e3o e avalia\u00e7\u00e3o. Esta aprova\u00e7\u00e3o surge ap\u00f3s o per\u00edodo de consulta p\u00fablica, consolidando um passo decisivo rumo a uma mobilidade mais sustent\u00e1vel na regi\u00e3o, com uma estrat\u00e9gia e medidas para os pr\u00f3ximos 10 anos.<\/p>\n\n\n\n<p><strong>Entre os relat\u00f3rios aprovados destacam-se:<\/strong><\/p>\n\n\n\n<ul><li><strong>Relat\u00f3rio de Caracteriza\u00e7\u00e3o e Diagn\u00f3stico<\/strong> \u2013 que oferece um diagn\u00f3stico detalhado da atual situa\u00e7\u00e3o da mobilidade metropolitana;<\/li><li><strong>Relat\u00f3rio de Cenariza\u00e7\u00e3o, Vis\u00e3o Estrat\u00e9gica, Metas e Indicadores<\/strong> \u2013 que define a vis\u00e3o estrat\u00e9gica, estabelece cen\u00e1rios futuros, metas concretas e indicadores de monitoriza\u00e7\u00e3o;<\/li><li><strong>Relat\u00f3rio do Programa de Medidas para a Mobilidade Urbana Sustent\u00e1vel<\/strong> \u2013 que re\u00fane o conjunto de a\u00e7\u00f5es propostas para melhorar os transportes e a mobilidade na AML;<\/li><li><strong>Relat\u00f3rio de Avalia\u00e7\u00e3o Ambiental Estrat\u00e9gica<\/strong>, acompanhado da respetiva <strong>Declara\u00e7\u00e3o Ambiental<\/strong> \u2013 que garantem a compatibilidade do plano com as exig\u00eancias ambientais e clim\u00e1ticas.\u00a0<\/li><\/ul>\n\n\n\n<p>A aprova\u00e7\u00e3o destes documentos representa um avan\u00e7o coletivo e estruturado para a transforma\u00e7\u00e3o da mobilidade urbana na \u00c1rea Metropolitana de Lisboa, refor\u00e7ando o compromisso dos 18 munic\u00edpios com um futuro mais sustent\u00e1vel e eficiente.<\/p>\n\n\n\n<div class=\"wp-container-69effb62cf1d1 wp-block-group\"><div class=\"wp-block-group__inner-container\">\n<div class=\"wp-block-columns\">\n<div class=\"wp-block-column is-vertically-aligned-center\" style=\"flex-basis:100%\">\n<figure class=\"wp-block-image size-large\"><img loading=\"lazy\" width=\"1024\" height=\"768\" src=\"https:\/\/www.tmlmobilidade.pt\/wp-content\/uploads\/2025\/09\/1757093661300-1024x768.jpg\" alt=\"\" class=\"wp-image-6106\" srcset=\"https:\/\/www.tmlmobilidade.pt\/wp-content\/uploads\/2025\/09\/1757093661300-1024x768.jpg 1024w, https:\/\/www.tmlmobilidade.pt\/wp-content\/uploads\/2025\/09\/1757093661300-300x225.jpg 300w, https:\/\/www.tmlmobilidade.pt\/wp-content\/uploads\/2025\/09\/1757093661300-768x576.jpg 768w, https:\/\/www.tmlmobilidade.pt\/wp-content\/uploads\/2025\/09\/1757093661300-1536x1152.jpg 1536w, https:\/\/www.tmlmobilidade.pt\/wp-content\/uploads\/2025\/09\/1757093661300.jpg 2000w\" sizes=\"(max-width: 1024px) 100vw, 1024px\" \/><\/figure>\n\n\n\n<figure class=\"wp-block-image size-large\"><img loading=\"lazy\" width=\"1024\" height=\"768\" src=\"https:\/\/www.tmlmobilidade.pt\/wp-content\/uploads\/2025\/09\/1757093661315-1024x768.jpg\" alt=\"\" class=\"wp-image-6107\" srcset=\"https:\/\/www.tmlmobilidade.pt\/wp-content\/uploads\/2025\/09\/1757093661315-1024x768.jpg 1024w, https:\/\/www.tmlmobilidade.pt\/wp-content\/uploads\/2025\/09\/1757093661315-300x225.jpg 300w, https:\/\/www.tmlmobilidade.pt\/wp-content\/uploads\/2025\/09\/1757093661315-768x576.jpg 768w, https:\/\/www.tmlmobilidade.pt\/wp-content\/uploads\/2025\/09\/1757093661315-1536x1152.jpg 1536w, https:\/\/www.tmlmobilidade.pt\/wp-content\/uploads\/2025\/09\/1757093661315.jpg 2000w\" sizes=\"(max-width: 1024px) 100vw, 1024px\" \/><\/figure>\n<\/div>\n<\/div>\n<\/div><\/div>\n","protected":false},"excerpt":{"rendered":"<p>Na reuni\u00e3o de 4 de setembro, o Conselho Metropolitano de Lisboa deu luz verde a um conjunto de documentos fundamentais que constituem o Plano Metropolitano de Mobilidade Urbana Sustent\u00e1vel (PMMUS) da \u00c1rea Metropolitana de Lisboa, e mandatou a Transportes Metropolitanos de Lisboa para prosseguir com os instrumentos para a sua implementa\u00e7\u00e3o, monitoriza\u00e7\u00e3o e avalia\u00e7\u00e3o. Esta<a class=\"excerpt-read-more\" href=\"https:\/\/www.tmlmobilidade.pt\/en\/comunicacao\/noticias\/aml-aprova-relatorios-estrategicos-do-plano-metropolitano-de-mobilidade-urbana-sustentavel\/\" title=\"ReadAML aprova, por unanimidade, o Plano Metropolitano de Mobilidade Urbana Sustent\u00e1vel  e a Avalia\u00e7\u00e3o Ambiental Estrat\u00e9gica do mesmo\">&#8230; Read more &raquo;<\/a><\/p>\n","protected":false},"author":7,"featured_media":0,"comment_status":"closed","ping_status":"closed","sticky":false,"template":"","format":"standard","meta":[],"categories":[47],"tags":[122],"acf":[],"_links":{"self":[{"href":"https:\/\/www.tmlmobilidade.pt\/en\/wp-json\/wp\/v2\/posts\/6105"}],"collection":[{"href":"https:\/\/www.tmlmobilidade.pt\/en\/wp-json\/wp\/v2\/posts"}],"about":[{"href":"https:\/\/www.tmlmobilidade.pt\/en\/wp-json\/wp\/v2\/types\/post"}],"author":[{"embeddable":true,"href":"https:\/\/www.tmlmobilidade.pt\/en\/wp-json\/wp\/v2\/users\/7"}],"replies":[{"embeddable":true,"href":"https:\/\/www.tmlmobilidade.pt\/en\/wp-json\/wp\/v2\/comments?post=6105"}],"version-history":[{"count":8,"href":"https:\/\/www.tmlmobilidade.pt\/en\/wp-json\/wp\/v2\/posts\/6105\/revisions"}],"predecessor-version":[{"id":6121,"href":"https:\/\/www.tmlmobilidade.pt\/en\/wp-json\/wp\/v2\/posts\/6105\/revisions\/6121"}],"wp:attachment":[{"href":"https:\/\/www.tmlmobilidade.pt\/en\/wp-json\/wp\/v2\/media?parent=6105"}],"wp:term":[{"taxonomy":"category","embeddable":true,"href":"https:\/\/www.tmlmobilidade.pt\/en\/wp-json\/wp\/v2\/categories?post=6105"},{"taxonomy":"post_tag","embeddable":true,"href":"https:\/\/www.tmlmobilidade.pt\/en\/wp-json\/wp\/v2\/tags?post=6105"}],"curies":[{"name":"wp","href":"https:\/\/api.w.org\/{rel}","templated":true}]}}