{"id":5938,"date":"2025-06-16T15:54:01","date_gmt":"2025-06-16T15:54:01","guid":{"rendered":"https:\/\/www.tmlmobilidade.pt\/?p=5938"},"modified":"2025-06-16T15:54:30","modified_gmt":"2025-06-16T15:54:30","slug":"almada-disponibiliza-parque-navegante-no-parque-da-paz-com-estacionamento-gratuito-para-residentes-com-passe-navegante","status":"publish","type":"post","link":"https:\/\/www.tmlmobilidade.pt\/en\/comunicacao\/noticias\/almada-disponibiliza-parque-navegante-no-parque-da-paz-com-estacionamento-gratuito-para-residentes-com-passe-navegante\/","title":{"rendered":"Almada disponibiliza Parque navegante\u00ae no Parque da Paz com estacionamento gratuito para residentes com passe navegante\u00ae"},"content":{"rendered":"\n<p>A C\u00e2mara Municipal de Almada, em parceria com a Transportes Metropolitanos de Lisboa (TML) e a WeMob, lan\u00e7a o novo Parque navegante\u00ae \u2013 Parque da Paz, uma medida que visa promover uma mobilidade mais integrada com a utiliza\u00e7\u00e3o do transporte p\u00fablico e responder aos desafios crescentes de estacionamento no concelho, especialmente num contexto de maior procura na Margem Sul.<\/p>\n\n\n\n<p><br>A partir de dia 18 de junho, os residentes em Almada com passe navegante\u00ae v\u00e1lido e carregado (modalidade metropolitana ou municipal Almada) podem beneficiar de estacionamento gratuito neste parque, situado junto ao Parque da Paz. A iniciativa procura facilitar a articula\u00e7\u00e3o entre o uso do autom\u00f3vel e os transportes p\u00fablicos, incentivando uma transi\u00e7\u00e3o eficiente.<\/p>\n\n\n\n<p><br>Ao privilegiar os utilizadores de passe navegante\u00ae, este projeto refor\u00e7a o compromisso de Almada com um territ\u00f3rio mais acess\u00edvel, menos polu\u00eddo e com melhor qualidade de vida. O Parque navegante\u00ae \u2013 Parque da Paz \u00e9 o resultado de uma colabora\u00e7\u00e3o entre a autarquia, a TML e a WeMob, entidade respons\u00e1vel pela gest\u00e3o do estacionamento no munic\u00edpio, e dirige-se especialmente aos cidad\u00e3os que realizam a maioria das suas desloca\u00e7\u00f5es em transporte p\u00fablico.<\/p>\n\n\n\n<p><br><strong>Mais<\/strong> <strong>mobilidade. Mais espa\u00e7o. Menos emiss\u00f5es. Almada a cuidar do futuro.<\/strong><\/p>\n","protected":false},"excerpt":{"rendered":"<p>A C\u00e2mara Municipal de Almada, em parceria com a Transportes Metropolitanos de Lisboa (TML) e a WeMob, lan\u00e7a o novo Parque navegante\u00ae \u2013 Parque da Paz, uma medida que visa promover uma mobilidade mais integrada com a utiliza\u00e7\u00e3o do transporte p\u00fablico e responder aos desafios crescentes de estacionamento no concelho, especialmente num contexto de maior<a class=\"excerpt-read-more\" href=\"https:\/\/www.tmlmobilidade.pt\/en\/comunicacao\/noticias\/almada-disponibiliza-parque-navegante-no-parque-da-paz-com-estacionamento-gratuito-para-residentes-com-passe-navegante\/\" title=\"ReadAlmada disponibiliza Parque navegante\u00ae no Parque da Paz com estacionamento gratuito para residentes com passe navegante\u00ae\">&#8230; Read more &raquo;<\/a><\/p>\n","protected":false},"author":3,"featured_media":0,"comment_status":"closed","ping_status":"closed","sticky":false,"template":"","format":"standard","meta":[],"categories":[47],"tags":[],"acf":[],"_links":{"self":[{"href":"https:\/\/www.tmlmobilidade.pt\/en\/wp-json\/wp\/v2\/posts\/5938"}],"collection":[{"href":"https:\/\/www.tmlmobilidade.pt\/en\/wp-json\/wp\/v2\/posts"}],"about":[{"href":"https:\/\/www.tmlmobilidade.pt\/en\/wp-json\/wp\/v2\/types\/post"}],"author":[{"embeddable":true,"href":"https:\/\/www.tmlmobilidade.pt\/en\/wp-json\/wp\/v2\/users\/3"}],"replies":[{"embeddable":true,"href":"https:\/\/www.tmlmobilidade.pt\/en\/wp-json\/wp\/v2\/comments?post=5938"}],"version-history":[{"count":2,"href":"https:\/\/www.tmlmobilidade.pt\/en\/wp-json\/wp\/v2\/posts\/5938\/revisions"}],"predecessor-version":[{"id":5941,"href":"https:\/\/www.tmlmobilidade.pt\/en\/wp-json\/wp\/v2\/posts\/5938\/revisions\/5941"}],"wp:attachment":[{"href":"https:\/\/www.tmlmobilidade.pt\/en\/wp-json\/wp\/v2\/media?parent=5938"}],"wp:term":[{"taxonomy":"category","embeddable":true,"href":"https:\/\/www.tmlmobilidade.pt\/en\/wp-json\/wp\/v2\/categories?post=5938"},{"taxonomy":"post_tag","embeddable":true,"href":"https:\/\/www.tmlmobilidade.pt\/en\/wp-json\/wp\/v2\/tags?post=5938"}],"curies":[{"name":"wp","href":"https:\/\/api.w.org\/{rel}","templated":true}]}}