{"id":5901,"date":"2025-06-09T10:56:04","date_gmt":"2025-06-09T10:56:04","guid":{"rendered":"https:\/\/www.tmlmobilidade.pt\/?p=5901"},"modified":"2025-06-09T10:56:06","modified_gmt":"2025-06-09T10:56:06","slug":"pmmus-e-avaliacao-ambiental-estrategica-vao-a-discussao-publica","status":"publish","type":"post","link":"https:\/\/www.tmlmobilidade.pt\/en\/comunicacao\/noticias\/pmmus-e-avaliacao-ambiental-estrategica-vao-a-discussao-publica\/","title":{"rendered":"PMMUS e Avalia\u00e7\u00e3o Ambiental Estrat\u00e9gica v\u00e3o a discuss\u00e3o p\u00fablica"},"content":{"rendered":"\n<p>Entre 11 de junho e 24 de julho, os Relat\u00f3rios do Plano Metropolitano de Mobilidade Urbana Sustent\u00e1vel (PMMUS) e da Avalia\u00e7\u00e3o Ambiental Estrat\u00e9gica (AAE) do PMMUS da \u00c1rea Metropolitana de Lisboa estar\u00e3o dispon\u00edveis para consulta p\u00fablica. Todos est\u00e3o convidados a participar.<\/p>\n\n\n\n<p><\/p>\n\n\n\n<p>No \u00e2mbito do desenvolvimento do Plano Metropolitano de Mobilidade Urbana Sustent\u00e1vel (PMMUS) da \u00c1rea Metropolitana de Lisboa, promovido pela TML \u2013 Transportes Metropolitanos de Lisboa em articula\u00e7\u00e3o com os dezoito munic\u00edpios, foram aprovados na reuni\u00e3o do Conselho Metropolitano de Lisboa de dia 30 de maio, por unanimidade, os elementos do Plano &#8211; \u00abRelat\u00f3rio de Caracteriza\u00e7\u00e3o e Diagn\u00f3stico\u00bb, \u00abRelat\u00f3rio de Cenariza\u00e7\u00e3o, Vis\u00e3o Estrat\u00e9gica, Metas e Indicadores\u00bb, \u00abRelat\u00f3rio Preliminar do Programa de Medidas para a Mobilidade Urbana Sustent\u00e1vel\u00bb, e o \u00abRelat\u00f3rio de Avalia\u00e7\u00e3o Ambiental Estrat\u00e9gica\u00bb preliminar e seu \u00abResumo N\u00e3o T\u00e9cnico\u00bb, que incidem sobre os mesmos, para submiss\u00e3o a consulta p\u00fablica.<\/p>\n\n\n\n<p>Conforme decretado, a 11 de junho d\u00e1-se in\u00edcio ao per\u00edodo de discuss\u00e3o p\u00fablica do PMMUS e da sua Avalia\u00e7\u00e3o Ambiental Estrat\u00e9gica (AAE), que se prolonga at\u00e9 24 de julho.<\/p>\n\n\n\n<p>Todos os documentos acima citados est\u00e3o dispon\u00edveis para consulta no site do <a href=\"pmmus.tmlmobilidade.pt\/consulta-publica\"><strong>PMMUS<\/strong><\/a> e no site do <a href=\"https:\/\/participa.pt\/pt\/tml\"><strong>PARTICIPA<\/strong><\/a>.<\/p>\n\n\n\n<p>Para darem o seu contributo, os interessados dever\u00e3o apresentar os seus coment\u00e1rios e sugest\u00f5es por escrito atrav\u00e9s das seguintes vias:<\/p>\n\n\n\n<p><strong>Portal: <\/strong>www.participa.pt\/pt\/tml<\/p>\n\n\n\n<p><strong>Correio: <\/strong>Rua Cruz de Santa Apol\u00f3nia, 23, 25 e 25 A, 1100-187 Lisboa<\/p>\n\n\n\n<p><strong>Presencialmente: <\/strong>por marca\u00e7\u00e3o, das 9h30 \u00e0s 16h30, na TML, Rua Cruz de Santa Apol\u00f3nia, 23, 1100-187 Lisboa \u2013 marca\u00e7\u00f5es atrav\u00e9s do 21 812 1379 ou de pmmus@tmlmobilidade.pt<\/p>\n","protected":false},"excerpt":{"rendered":"<p>Entre 11 de junho e 24 de julho, os Relat\u00f3rios do Plano Metropolitano de Mobilidade Urbana Sustent\u00e1vel (PMMUS) e da Avalia\u00e7\u00e3o Ambiental Estrat\u00e9gica (AAE) do PMMUS da \u00c1rea Metropolitana de Lisboa estar\u00e3o dispon\u00edveis para consulta p\u00fablica. Todos est\u00e3o convidados a participar. No \u00e2mbito do desenvolvimento do Plano Metropolitano de Mobilidade Urbana Sustent\u00e1vel (PMMUS) da \u00c1rea<a class=\"excerpt-read-more\" href=\"https:\/\/www.tmlmobilidade.pt\/en\/comunicacao\/noticias\/pmmus-e-avaliacao-ambiental-estrategica-vao-a-discussao-publica\/\" title=\"ReadPMMUS e Avalia\u00e7\u00e3o Ambiental Estrat\u00e9gica v\u00e3o a discuss\u00e3o p\u00fablica\">&#8230; Read more &raquo;<\/a><\/p>\n","protected":false},"author":8,"featured_media":0,"comment_status":"closed","ping_status":"closed","sticky":false,"template":"","format":"standard","meta":[],"categories":[47],"tags":[],"acf":[],"_links":{"self":[{"href":"https:\/\/www.tmlmobilidade.pt\/en\/wp-json\/wp\/v2\/posts\/5901"}],"collection":[{"href":"https:\/\/www.tmlmobilidade.pt\/en\/wp-json\/wp\/v2\/posts"}],"about":[{"href":"https:\/\/www.tmlmobilidade.pt\/en\/wp-json\/wp\/v2\/types\/post"}],"author":[{"embeddable":true,"href":"https:\/\/www.tmlmobilidade.pt\/en\/wp-json\/wp\/v2\/users\/8"}],"replies":[{"embeddable":true,"href":"https:\/\/www.tmlmobilidade.pt\/en\/wp-json\/wp\/v2\/comments?post=5901"}],"version-history":[{"count":2,"href":"https:\/\/www.tmlmobilidade.pt\/en\/wp-json\/wp\/v2\/posts\/5901\/revisions"}],"predecessor-version":[{"id":5906,"href":"https:\/\/www.tmlmobilidade.pt\/en\/wp-json\/wp\/v2\/posts\/5901\/revisions\/5906"}],"wp:attachment":[{"href":"https:\/\/www.tmlmobilidade.pt\/en\/wp-json\/wp\/v2\/media?parent=5901"}],"wp:term":[{"taxonomy":"category","embeddable":true,"href":"https:\/\/www.tmlmobilidade.pt\/en\/wp-json\/wp\/v2\/categories?post=5901"},{"taxonomy":"post_tag","embeddable":true,"href":"https:\/\/www.tmlmobilidade.pt\/en\/wp-json\/wp\/v2\/tags?post=5901"}],"curies":[{"name":"wp","href":"https:\/\/api.w.org\/{rel}","templated":true}]}}