{"id":5893,"date":"2025-06-02T16:58:54","date_gmt":"2025-06-02T16:58:54","guid":{"rendered":"https:\/\/www.tmlmobilidade.pt\/?p=5893"},"modified":"2025-06-09T16:58:03","modified_gmt":"2025-06-09T16:58:03","slug":"aml-aprova-por-unanimidade-versao-preliminar-do-pmmus","status":"publish","type":"post","link":"https:\/\/www.tmlmobilidade.pt\/en\/comunicacao\/noticias\/aml-aprova-por-unanimidade-versao-preliminar-do-pmmus\/","title":{"rendered":"AML aprova por unanimidade vers\u00e3o preliminar do PMMUS"},"content":{"rendered":"\n<p>A 30 de maio, os elementos estruturais do Plano Metropolitano de Mobilidade Urbana Sustent\u00e1vel e o Relat\u00f3rio de Avalia\u00e7\u00e3o Ambiental Estrat\u00e9gica preliminar foram aprovados, por unanimidade, pelo Conselho Metropolitano de Lisboa. As propostas ser\u00e3o agora submetidas a Consulta P\u00fablica, sendo assim dado um passo decisivo rumo \u00e0 concretiza\u00e7\u00e3o deste plano.<\/p>\n\n\n\n<p><\/p>\n\n\n\n<p>Neste dia, no seguimento de um processo de cerca de 16 meses de aprofundamento t\u00e9cnico e de ampla consulta e envolvimento de entidades e cidad\u00e3os, o Conselho Metropolitano de Lisboa apreciou e aprovou os relat\u00f3rios preliminares j\u00e1 elaborados do Plano Metropolitano de Mobilidade Urbana Sustent\u00e1vel \u2013 o Relat\u00f3rio de Caracteriza\u00e7\u00e3o e Diagn\u00f3stico (resultante da Fase I do plano), o Relat\u00f3rio de Cenariza\u00e7\u00e3o, Vis\u00e3o Estrat\u00e9gica, Metas e Indicadores (Fase II), o Relat\u00f3rio Preliminar do Programa de Medidas para a Mobilidade Urbana Sustent\u00e1vel (Fase III) \u2013 , assim como o Relat\u00f3rio de Avalia\u00e7\u00e3o Ambiental Estrat\u00e9gica, que incide sobre os mesmos.<\/p>\n\n\n\n<p>Adicionalmente, foram disponibilizados aos Presidentes da C\u00e2mara os relat\u00f3rios de participa\u00e7\u00e3o p\u00fablica das duas primeiras fases do PMMUS e o Relat\u00f3rio de Medidas Propostas resultante das cinco Assembleias Participativas, realizadas em fevereiro.<\/p>\n\n\n\n<p>No seguimento da aprova\u00e7\u00e3o destas vers\u00f5es preliminares, o PMMUS e o Relat\u00f3rio de Avalia\u00e7\u00e3o Ambiental Estrat\u00e9gica que incide sobre o PMMUS ser\u00e3o objeto de consulta p\u00fablica, que ter\u00e1 a dura\u00e7\u00e3o de trinta dias \u00fateis.<\/p>\n\n\n\n<p>Para mais informa\u00e7\u00e3o sobre o desenvolvimento e resultados do PMMUS e AAE, consulte todos os elementos e documentos no site <a href=\"mailto:pmmus@tmlmobilidade.pt\">pmmus@tmlmobilidade.pt<\/a> .<\/p>\n","protected":false},"excerpt":{"rendered":"<p>A 30 de maio, os elementos estruturais do Plano Metropolitano de Mobilidade Urbana Sustent\u00e1vel e o Relat\u00f3rio de Avalia\u00e7\u00e3o Ambiental Estrat\u00e9gica preliminar foram aprovados, por unanimidade, pelo Conselho Metropolitano de Lisboa. As propostas ser\u00e3o agora submetidas a Consulta P\u00fablica, sendo assim dado um passo decisivo rumo \u00e0 concretiza\u00e7\u00e3o deste plano. Neste dia, no seguimento de<a class=\"excerpt-read-more\" href=\"https:\/\/www.tmlmobilidade.pt\/en\/comunicacao\/noticias\/aml-aprova-por-unanimidade-versao-preliminar-do-pmmus\/\" title=\"ReadAML aprova por unanimidade vers\u00e3o preliminar do PMMUS\">&#8230; Read more &raquo;<\/a><\/p>\n","protected":false},"author":8,"featured_media":0,"comment_status":"closed","ping_status":"closed","sticky":false,"template":"","format":"standard","meta":[],"categories":[47],"tags":[],"acf":[],"_links":{"self":[{"href":"https:\/\/www.tmlmobilidade.pt\/en\/wp-json\/wp\/v2\/posts\/5893"}],"collection":[{"href":"https:\/\/www.tmlmobilidade.pt\/en\/wp-json\/wp\/v2\/posts"}],"about":[{"href":"https:\/\/www.tmlmobilidade.pt\/en\/wp-json\/wp\/v2\/types\/post"}],"author":[{"embeddable":true,"href":"https:\/\/www.tmlmobilidade.pt\/en\/wp-json\/wp\/v2\/users\/8"}],"replies":[{"embeddable":true,"href":"https:\/\/www.tmlmobilidade.pt\/en\/wp-json\/wp\/v2\/comments?post=5893"}],"version-history":[{"count":3,"href":"https:\/\/www.tmlmobilidade.pt\/en\/wp-json\/wp\/v2\/posts\/5893\/revisions"}],"predecessor-version":[{"id":5911,"href":"https:\/\/www.tmlmobilidade.pt\/en\/wp-json\/wp\/v2\/posts\/5893\/revisions\/5911"}],"wp:attachment":[{"href":"https:\/\/www.tmlmobilidade.pt\/en\/wp-json\/wp\/v2\/media?parent=5893"}],"wp:term":[{"taxonomy":"category","embeddable":true,"href":"https:\/\/www.tmlmobilidade.pt\/en\/wp-json\/wp\/v2\/categories?post=5893"},{"taxonomy":"post_tag","embeddable":true,"href":"https:\/\/www.tmlmobilidade.pt\/en\/wp-json\/wp\/v2\/tags?post=5893"}],"curies":[{"name":"wp","href":"https:\/\/api.w.org\/{rel}","templated":true}]}}