{"id":5885,"date":"2025-05-30T11:21:57","date_gmt":"2025-05-30T11:21:57","guid":{"rendered":"https:\/\/www.tmlmobilidade.pt\/?p=5885"},"modified":"2025-05-30T11:22:50","modified_gmt":"2025-05-30T11:22:50","slug":"tml-esta-no-portugal-smart-cities-summit","status":"publish","type":"post","link":"https:\/\/www.tmlmobilidade.pt\/en\/0\/tml-esta-no-portugal-smart-cities-summit\/","title":{"rendered":"TML est\u00e1 no Portugal Smart Cities Summit"},"content":{"rendered":"\n<p>De 3 a 5 de junho, a TML \u2013 Transportes Metropolitanos de Lisboa marca presen\u00e7a no Portugal Smart Cities Summit, aliando-se a este evento que promete apresentar e colocar em di\u00e1logo os principais protagonistas da transforma\u00e7\u00e3o urbana.<\/p>\n\n\n\n<p><\/p>\n\n\n\n<p>A decorrer na FIL \u2013 Lisboa, no Parque das Na\u00e7\u00f5es, a 11.\u00aa edi\u00e7\u00e3o do <a href=\"https:\/\/portugalsmartcities.fil.pt\/\">Portugal Smart Cities Summit<\/a> inspira-se na tem\u00e1tica &#8220;Building Our Future Together&#8221; e prop\u00f5e uma experi\u00eancia expositiva inovadora e interativa, organizada em quatro \u00e1reas tem\u00e1ticas: Qualidade de vida e bem-estar territorial; Mobilidade e log\u00edstica inteligentes; Sustentabilidade e ambiente; Tecnologia e intelig\u00eancia urbana e territorial.<\/p>\n\n\n\n<p>O evento, aberto ao p\u00fablico diariamente das 10h00 \u00e0s 19h00, volta a reunir Munic\u00edpios, Comunidades Intermunicipais, Universidades e Centros de Investiga\u00e7\u00e3o, Empresas, Investidores, Financiadores, Consultores e outros agentes, e conta com um abrangente ciclo de confer\u00eancias, do qual destacamos a <strong>Confer\u00eancia Cidades do Tejo: uma Vis\u00e3o Integrada de Mobilidade e Log\u00edstica<\/strong>, no dia 4, a partir das 10h15, onde a <strong>TML <\/strong>e a<strong> AML<\/strong> s\u00e3o convidadas a partilhar as suas experi\u00eancias e vis\u00f5es para o futuro.<\/p>\n","protected":false},"excerpt":{"rendered":"<p>De 3 a 5 de junho, a TML \u2013 Transportes Metropolitanos de Lisboa marca presen\u00e7a no Portugal Smart Cities Summit, aliando-se a este evento que promete apresentar e colocar em di\u00e1logo os principais protagonistas da transforma\u00e7\u00e3o urbana. A decorrer na FIL \u2013 Lisboa, no Parque das Na\u00e7\u00f5es, a 11.\u00aa edi\u00e7\u00e3o do Portugal Smart Cities Summit<a class=\"excerpt-read-more\" href=\"https:\/\/www.tmlmobilidade.pt\/en\/0\/tml-esta-no-portugal-smart-cities-summit\/\" title=\"ReadTML est\u00e1 no Portugal Smart Cities Summit\">&#8230; Read more &raquo;<\/a><\/p>\n","protected":false},"author":8,"featured_media":0,"comment_status":"closed","ping_status":"closed","sticky":false,"template":"","format":"standard","meta":[],"categories":[47,7],"tags":[],"acf":[],"_links":{"self":[{"href":"https:\/\/www.tmlmobilidade.pt\/en\/wp-json\/wp\/v2\/posts\/5885"}],"collection":[{"href":"https:\/\/www.tmlmobilidade.pt\/en\/wp-json\/wp\/v2\/posts"}],"about":[{"href":"https:\/\/www.tmlmobilidade.pt\/en\/wp-json\/wp\/v2\/types\/post"}],"author":[{"embeddable":true,"href":"https:\/\/www.tmlmobilidade.pt\/en\/wp-json\/wp\/v2\/users\/8"}],"replies":[{"embeddable":true,"href":"https:\/\/www.tmlmobilidade.pt\/en\/wp-json\/wp\/v2\/comments?post=5885"}],"version-history":[{"count":2,"href":"https:\/\/www.tmlmobilidade.pt\/en\/wp-json\/wp\/v2\/posts\/5885\/revisions"}],"predecessor-version":[{"id":5890,"href":"https:\/\/www.tmlmobilidade.pt\/en\/wp-json\/wp\/v2\/posts\/5885\/revisions\/5890"}],"wp:attachment":[{"href":"https:\/\/www.tmlmobilidade.pt\/en\/wp-json\/wp\/v2\/media?parent=5885"}],"wp:term":[{"taxonomy":"category","embeddable":true,"href":"https:\/\/www.tmlmobilidade.pt\/en\/wp-json\/wp\/v2\/categories?post=5885"},{"taxonomy":"post_tag","embeddable":true,"href":"https:\/\/www.tmlmobilidade.pt\/en\/wp-json\/wp\/v2\/tags?post=5885"}],"curies":[{"name":"wp","href":"https:\/\/api.w.org\/{rel}","templated":true}]}}