{"id":5832,"date":"2025-04-09T14:31:19","date_gmt":"2025-04-09T14:31:19","guid":{"rendered":"https:\/\/www.tmlmobilidade.pt\/?p=5832"},"modified":"2025-04-09T14:37:58","modified_gmt":"2025-04-09T14:37:58","slug":"tml-e-tmp-assinam-acordo-de-cooperacao","status":"publish","type":"post","link":"https:\/\/www.tmlmobilidade.pt\/en\/comunicacao\/noticias\/tml-e-tmp-assinam-acordo-de-cooperacao\/","title":{"rendered":"TML e TMP assinam Acordo de Coopera\u00e7\u00e3o"},"content":{"rendered":"\n<p>A Transportes Metropolitanos de Lisboa (TML) e a Transportes Metropolitanos do Porto (TMP) assinaram um Acordo de Coopera\u00e7\u00e3o para refor\u00e7ar a integra\u00e7\u00e3o e efici\u00eancia dos sistemas de mobilidade nas \u00c1reas Metropolitanas de Lisboa e do Porto. Este acordo reflete o compromisso conjunto das entidades na partilha de conhecimentos, tecnologias e boas pr\u00e1ticas para o desenvolvimento de solu\u00e7\u00f5es de transporte p\u00fablico mais eficazes e sustent\u00e1veis.<\/p>\n\n\n\n<p><\/p>\n\n\n\n<p>As \u00c1reas Metropolitanas de Lisboa e do Porto representam os principais polos urbanos de Portugal, concentrando mais de 40% da popula\u00e7\u00e3o nacional e assumindo um papel central na din\u00e2mica econ\u00f3mica, social e ambiental do pa\u00eds. Esta elevada densidade populacional e a diversidade das necessidades de mobilidade tornam os respetivos sistemas de transportes particularmente complexos, exigindo uma articula\u00e7\u00e3o eficaz entre modos rodovi\u00e1rios, ferrovi\u00e1rios, fluviais e, mais recentemente, solu\u00e7\u00f5es de mobilidade suave e partilhada.<\/p>\n\n\n\n<p>Desde 2015, que as \u00c1reas Metropolitanas de Lisboa e do Porto assumiram a responsabilidade de gerir os servi\u00e7os p\u00fablicos de transporte intermunicipais, desenvolvendo estrat\u00e9gias para promover a mobilidade em linha com as reais necessidades das pessoas.<\/p>\n\n\n\n<p>Da primeira Cimeira das \u00c1reas Metropolitanas de Lisboa e Porto, realizada em 20 de mar\u00e7o de 2018, resultaram propostas concretas para a melhoria do transporte p\u00fablico, com especial destaque para a vis\u00e3o de constru\u00e7\u00e3o da Transportes Metropolitanos de Lisboa (TML) e da Transportes Metropolitanos do Porto (TMP). A cria\u00e7\u00e3o da TML e da TMP teve como prop\u00f3sito unificar a gest\u00e3o dos transportes na regi\u00e3o, promovendo uma rede mais eficiente e acess\u00edvel. Esta iniciativa refletiu o esfor\u00e7o conjunto entre as \u00e1reas metropolitanas e o Governo para aprimorar a mobilidade e fortalecer a autonomia das entidades intermunicipais.<\/p>\n\n\n\n<p><strong>Unir esfor\u00e7os em \u00e1reas essenciais<\/strong><\/p>\n\n\n\n<p>A coopera\u00e7\u00e3o entre a TML e a TMP representa uma uni\u00e3o de esfor\u00e7os para a promo\u00e7\u00e3o de um sistema de mobilidade eficiente, integrado e sustent\u00e1vel nas \u00e1reas metropolitanas de Lisboa e do Porto, nas suas \u00e1reas similares de atua\u00e7\u00e3o, e ir\u00e1 beneficiar os cidad\u00e3os com aproxima\u00e7\u00e3o de informa\u00e7\u00e3o, comunica\u00e7\u00e3o, processos e funcionamento de sistemas nestas duas realidades.<\/p>\n\n\n\n<p>No \u00e2mbito do acordo, TML e TMP ir\u00e3o cooperar em \u00e1reas essenciais como: desenvolvimento e otimiza\u00e7\u00e3o dos sistemas de bilh\u00e9tica integrada; gest\u00e3o e monitoriza\u00e7\u00e3o de opera\u00e7\u00f5es de transporte e contratos de servi\u00e7o p\u00fablico; planeamento estrat\u00e9gico da mobilidade metropolitana; comunica\u00e7\u00e3o, informa\u00e7\u00e3o ao p\u00fablico e promo\u00e7\u00e3o da mobilidade sustent\u00e1vel; harmoniza\u00e7\u00e3o de processos regulat\u00f3rios e operacionais entre as duas \u00e1reas metropolitanas.<\/p>\n\n\n\n<p>A TML, criada pela \u00c1rea Metropolitana de Lisboa (AML) h\u00e1 4 anos, tem desempenhado um papel fundamental na mobilidade da \u00e1rea metropolitana de Lisboa (amL), sendo respons\u00e1vel pela gest\u00e3o do sistema tarif\u00e1rio e de bilh\u00e9tica \u2013 navegante\u00ae &#8211; que impulsionou novos produtos e servi\u00e7os que facilitam e agilizam o acesso \u00e0 mobilidade de milhares de cidad\u00e3os. Al\u00e9m disso, lan\u00e7ou e gere a Carris Metropolitana, cuja opera\u00e7\u00e3o rodovi\u00e1ria tem registado sucessivos recordes no transporte de passageiros e uma crescente ades\u00e3o dos utilizadores.<\/p>\n\n\n\n<figure class=\"wp-block-image size-large\"><img loading=\"lazy\" width=\"1024\" height=\"683\" src=\"https:\/\/www.tmlmobilidade.pt\/wp-content\/uploads\/2025\/04\/TML-Navegante174-1024x683.jpg\" alt=\"\" class=\"wp-image-5838\" srcset=\"https:\/\/www.tmlmobilidade.pt\/wp-content\/uploads\/2025\/04\/TML-Navegante174-1024x683.jpg 1024w, https:\/\/www.tmlmobilidade.pt\/wp-content\/uploads\/2025\/04\/TML-Navegante174-300x200.jpg 300w, https:\/\/www.tmlmobilidade.pt\/wp-content\/uploads\/2025\/04\/TML-Navegante174-768x512.jpg 768w, https:\/\/www.tmlmobilidade.pt\/wp-content\/uploads\/2025\/04\/TML-Navegante174-1536x1024.jpg 1536w, https:\/\/www.tmlmobilidade.pt\/wp-content\/uploads\/2025\/04\/TML-Navegante174.jpg 1600w\" sizes=\"(max-width: 1024px) 100vw, 1024px\" \/><figcaption>Faustino Gomes (TML)<\/figcaption><\/figure>\n\n\n\n<p>A TMP, constitu\u00edda em janeiro de 2025, assumiu a gest\u00e3o do sistema de bilh\u00e9tica intermodal Andante da \u00c1rea Metropolitana do Porto bem como a gest\u00e3o e fiscaliza\u00e7\u00e3o dos contratos dos diferentes operadores da rede UNIR assumindo de forma transversal o papel de regulador da mobilidade em transporte p\u00fablico na regi\u00e3o.<\/p>\n\n\n\n<figure class=\"wp-block-image size-large\"><img loading=\"lazy\" width=\"1024\" height=\"683\" src=\"https:\/\/www.tmlmobilidade.pt\/wp-content\/uploads\/2025\/04\/TML-Navegante176-1024x683.jpg\" alt=\"\" class=\"wp-image-5840\" srcset=\"https:\/\/www.tmlmobilidade.pt\/wp-content\/uploads\/2025\/04\/TML-Navegante176-1024x683.jpg 1024w, https:\/\/www.tmlmobilidade.pt\/wp-content\/uploads\/2025\/04\/TML-Navegante176-300x200.jpg 300w, https:\/\/www.tmlmobilidade.pt\/wp-content\/uploads\/2025\/04\/TML-Navegante176-768x512.jpg 768w, https:\/\/www.tmlmobilidade.pt\/wp-content\/uploads\/2025\/04\/TML-Navegante176-1536x1024.jpg 1536w, https:\/\/www.tmlmobilidade.pt\/wp-content\/uploads\/2025\/04\/TML-Navegante176.jpg 1600w\" sizes=\"(max-width: 1024px) 100vw, 1024px\" \/><figcaption>Marco Martins (TMP)<\/figcaption><\/figure>\n\n\n\n<p>A colabora\u00e7\u00e3o entre as duas entidades permitir\u00e1 alinhar estrat\u00e9gias e implementar solu\u00e7\u00f5es tecnol\u00f3gicas inovadoras, garantindo uma experi\u00eancia de mobilidade mais eficiente e acess\u00edvel para os utilizadores.<\/p>\n\n\n\n<p>Com este acordo, a TML e a TMP reafirmam o seu compromisso com a moderniza\u00e7\u00e3o da mobilidade urbana, promovendo um sistema de transportes mais acess\u00edvel, mais sustent\u00e1vel e inovador e orientado para as necessidades da popula\u00e7\u00e3o.<\/p>\n\n\n\n<figure class=\"wp-block-image size-large\"><img loading=\"lazy\" width=\"1024\" height=\"683\" src=\"https:\/\/www.tmlmobilidade.pt\/wp-content\/uploads\/2025\/04\/TML-Navegante177-1024x683.jpg\" alt=\"\" class=\"wp-image-5841\" srcset=\"https:\/\/www.tmlmobilidade.pt\/wp-content\/uploads\/2025\/04\/TML-Navegante177-1024x683.jpg 1024w, https:\/\/www.tmlmobilidade.pt\/wp-content\/uploads\/2025\/04\/TML-Navegante177-300x200.jpg 300w, https:\/\/www.tmlmobilidade.pt\/wp-content\/uploads\/2025\/04\/TML-Navegante177-768x512.jpg 768w, https:\/\/www.tmlmobilidade.pt\/wp-content\/uploads\/2025\/04\/TML-Navegante177-1536x1024.jpg 1536w, https:\/\/www.tmlmobilidade.pt\/wp-content\/uploads\/2025\/04\/TML-Navegante177.jpg 1600w\" sizes=\"(max-width: 1024px) 100vw, 1024px\" \/><\/figure>\n","protected":false},"excerpt":{"rendered":"<p>A Transportes Metropolitanos de Lisboa (TML) e a Transportes Metropolitanos do Porto (TMP) assinaram um Acordo de Coopera\u00e7\u00e3o para refor\u00e7ar a integra\u00e7\u00e3o e efici\u00eancia dos sistemas de mobilidade nas \u00c1reas Metropolitanas de Lisboa e do Porto. Este acordo reflete o compromisso conjunto das entidades na partilha de conhecimentos, tecnologias e boas pr\u00e1ticas para o desenvolvimento<a class=\"excerpt-read-more\" href=\"https:\/\/www.tmlmobilidade.pt\/en\/comunicacao\/noticias\/tml-e-tmp-assinam-acordo-de-cooperacao\/\" title=\"ReadTML e TMP assinam Acordo de Coopera\u00e7\u00e3o\">&#8230; Read more &raquo;<\/a><\/p>\n","protected":false},"author":8,"featured_media":0,"comment_status":"closed","ping_status":"closed","sticky":false,"template":"","format":"standard","meta":[],"categories":[47],"tags":[],"acf":[],"_links":{"self":[{"href":"https:\/\/www.tmlmobilidade.pt\/en\/wp-json\/wp\/v2\/posts\/5832"}],"collection":[{"href":"https:\/\/www.tmlmobilidade.pt\/en\/wp-json\/wp\/v2\/posts"}],"about":[{"href":"https:\/\/www.tmlmobilidade.pt\/en\/wp-json\/wp\/v2\/types\/post"}],"author":[{"embeddable":true,"href":"https:\/\/www.tmlmobilidade.pt\/en\/wp-json\/wp\/v2\/users\/8"}],"replies":[{"embeddable":true,"href":"https:\/\/www.tmlmobilidade.pt\/en\/wp-json\/wp\/v2\/comments?post=5832"}],"version-history":[{"count":3,"href":"https:\/\/www.tmlmobilidade.pt\/en\/wp-json\/wp\/v2\/posts\/5832\/revisions"}],"predecessor-version":[{"id":5842,"href":"https:\/\/www.tmlmobilidade.pt\/en\/wp-json\/wp\/v2\/posts\/5832\/revisions\/5842"}],"wp:attachment":[{"href":"https:\/\/www.tmlmobilidade.pt\/en\/wp-json\/wp\/v2\/media?parent=5832"}],"wp:term":[{"taxonomy":"category","embeddable":true,"href":"https:\/\/www.tmlmobilidade.pt\/en\/wp-json\/wp\/v2\/categories?post=5832"},{"taxonomy":"post_tag","embeddable":true,"href":"https:\/\/www.tmlmobilidade.pt\/en\/wp-json\/wp\/v2\/tags?post=5832"}],"curies":[{"name":"wp","href":"https:\/\/api.w.org\/{rel}","templated":true}]}}