{"id":5773,"date":"2025-03-11T11:01:03","date_gmt":"2025-03-11T11:01:03","guid":{"rendered":"https:\/\/www.tmlmobilidade.pt\/?p=5773"},"modified":"2025-03-11T11:01:23","modified_gmt":"2025-03-11T11:01:23","slug":"expansao-do-metro-sul-do-tejo-uma-casa-cheia-para-ouvir-os-resultados","status":"publish","type":"post","link":"https:\/\/www.tmlmobilidade.pt\/en\/comunicacao\/noticias\/expansao-do-metro-sul-do-tejo-uma-casa-cheia-para-ouvir-os-resultados\/","title":{"rendered":"Expans\u00e3o do Metro Sul do Tejo: uma casa cheia para ouvir os resultados"},"content":{"rendered":"\n<p>A confer\u00eancia de encerramento do processo de participa\u00e7\u00e3o p\u00fablica para a expans\u00e3o do Metro Sul do Tejo, realizada no dia 6 de mar\u00e7o, voltou a contar com um p\u00fablico muito atento, cumprindo assim os objetivos esperados.<\/p>\n\n\n\n<p>A \u00faltima sess\u00e3o do processo de participa\u00e7\u00e3o p\u00fablica para a extens\u00e3o do Metro Sul do Tejo at\u00e9 \u00e0 Costa da Caparica e \u00e0 Trafaria aconteceu na quinta-feira, 6 de mar\u00e7o, na Faculdade de Ci\u00eancias e Tecnologia \u2013 Monte da Caparica. Jos\u00e9 Carlos Ferreira e Jos\u00e9 J\u00falio Alferes, em nome da Faculdade e da equipa t\u00e9cnica que liderou este processo, e In\u00eas de Madeiros, Presidente da C\u00e2mara Municipal de Almada, deram as boas-vindas e agradeceram a presen\u00e7a do Governo, na pessoa da Secret\u00e1ria de Estado da Mobilidade, Cristina Pinto Dias, e a participa\u00e7\u00e3o dos cidad\u00e3os, que ultrapassou todas as expetativas.<\/p>\n\n\n\n<p>Faustino Gomes, Presidente do Conselho de Administra\u00e7\u00e3o da Transportes Metropolitanos de Lisboa, e Helena Campos, Presidente em exerc\u00edcio do Conselho de Administra\u00e7\u00e3o do Metropolitano de Lisboa, as restantes entidades envolvidas no projeto, deram igualmente nota do sucesso da participa\u00e7\u00e3o p\u00fablica no trabalho. Um momento que, conforme Faustino Gomes evidenciou, \u201cn\u00e3o era obrigat\u00f3rio, mas foi considerado determinante no projeto. Este momento de humildade era necess\u00e1rio, porque sabemos que n\u00e3o sabemos nada.\u201d<\/p>\n\n\n\n<p><strong>A revela\u00e7\u00e3o dos resultados<\/strong><\/p>\n\n\n\n<p>Feitas as introdu\u00e7\u00f5es, chegou a hora da apresenta\u00e7\u00e3o dos resultados, o t\u00e3o aguardado momento para todos os que estavam no audit\u00f3rio ou a acompanhar em <em>streaming<\/em>, e at\u00e9 para as entidades envolvidas. Lia Vasconcelos e Jos\u00e9 Carlos Ferreira, da equipa t\u00e9cnica que conduziu o trabalho, recordaram a metodologia utilizada, que garantiu que todos fossem ouvidos e expressassem as suas preocupa\u00e7\u00f5es. Entre participa\u00e7\u00f5es online e p\u00fablicas, estas \u00faltimas distribu\u00eddas por sess\u00f5es na Trafaria e na Costa da Caparica, e organizadas em mesas de trabalho apoiadas por facilitadores e por t\u00e9cnicos, o processo envolveu um total de 868 cidad\u00e3os e gerou 518 perguntas\/preocupa\u00e7\u00f5es. Entre estas, as quest\u00f5es que se revelaram mais preocupantes para os participantes da Trafaria, da Costa de Caparica e ainda dos que contribu\u00edram \u00e0 dist\u00e2ncia, relacionam-se com o ru\u00eddo e as vibra\u00e7\u00f5es, com os interfaces (funcionamento e localiza\u00e7\u00e3o), com os esquemas de tr\u00e2nsito, com os hor\u00e1rios, com a escolha do tra\u00e7ado e suas paragens, entre muitas outras quest\u00f5es que v\u00e3o estar assinaladas no relat\u00f3rio final da participa\u00e7\u00e3o p\u00fablica paro grupo de trabalho, com data de entrega a 30 de mar\u00e7o.<\/p>\n\n\n\n<p>Entretanto, at\u00e9 21 de mar\u00e7o, a participa\u00e7\u00e3o continua a decorrer, pelo que ainda \u00e9 poss\u00edvel acrescentar contributos atrav\u00e9s do seguinte <a href=\"https:\/\/docs.google.com\/forms\/d\/1I7waNGbNm8LBl6raGVkZkXF3kaKPGwMvb0kOJV32940\/viewform?pli=1&#038;pli=1&#038;edit_requested=true\"><strong>formul\u00e1rio<\/strong><\/a> online ou de formul\u00e1rios f\u00edsicos dispensados pelas juntas de freguesia. A 28 de mar\u00e7o ser\u00e3o colocadas online (p\u00e1ginas CMA e Nova FCT) as FAQs, e no segundo semestre de 2025 ser\u00e1 feita a apresenta\u00e7\u00e3o do tratamento das perguntas colocadas.<\/p>\n\n\n\n<p>Continua, deste modo, em constru\u00e7\u00e3o um processo que se quer isento e de resposta \u00e0s necessidades das popula\u00e7\u00f5es. \u201cUm excelente exemplo\u201d, conforme Cristina Pinto Dias, Secret\u00e1ria de Estado da Mobilidade, defendeu, contrapondo-o \u00e0 habitual queixa de falta de inqu\u00e9ritos relacionados com os transportes p\u00fablicos.<\/p>\n","protected":false},"excerpt":{"rendered":"<p>A confer\u00eancia de encerramento do processo de participa\u00e7\u00e3o p\u00fablica para a expans\u00e3o do Metro Sul do Tejo, realizada no dia 6 de mar\u00e7o, voltou a contar com um p\u00fablico muito atento, cumprindo assim os objetivos esperados. A \u00faltima sess\u00e3o do processo de participa\u00e7\u00e3o p\u00fablica para a extens\u00e3o do Metro Sul do Tejo at\u00e9 \u00e0 Costa<a class=\"excerpt-read-more\" href=\"https:\/\/www.tmlmobilidade.pt\/en\/comunicacao\/noticias\/expansao-do-metro-sul-do-tejo-uma-casa-cheia-para-ouvir-os-resultados\/\" title=\"ReadExpans\u00e3o do Metro Sul do Tejo: uma casa cheia para ouvir os resultados\">&#8230; Read more &raquo;<\/a><\/p>\n","protected":false},"author":8,"featured_media":0,"comment_status":"closed","ping_status":"closed","sticky":false,"template":"","format":"standard","meta":[],"categories":[47],"tags":[],"acf":[],"_links":{"self":[{"href":"https:\/\/www.tmlmobilidade.pt\/en\/wp-json\/wp\/v2\/posts\/5773"}],"collection":[{"href":"https:\/\/www.tmlmobilidade.pt\/en\/wp-json\/wp\/v2\/posts"}],"about":[{"href":"https:\/\/www.tmlmobilidade.pt\/en\/wp-json\/wp\/v2\/types\/post"}],"author":[{"embeddable":true,"href":"https:\/\/www.tmlmobilidade.pt\/en\/wp-json\/wp\/v2\/users\/8"}],"replies":[{"embeddable":true,"href":"https:\/\/www.tmlmobilidade.pt\/en\/wp-json\/wp\/v2\/comments?post=5773"}],"version-history":[{"count":4,"href":"https:\/\/www.tmlmobilidade.pt\/en\/wp-json\/wp\/v2\/posts\/5773\/revisions"}],"predecessor-version":[{"id":5780,"href":"https:\/\/www.tmlmobilidade.pt\/en\/wp-json\/wp\/v2\/posts\/5773\/revisions\/5780"}],"wp:attachment":[{"href":"https:\/\/www.tmlmobilidade.pt\/en\/wp-json\/wp\/v2\/media?parent=5773"}],"wp:term":[{"taxonomy":"category","embeddable":true,"href":"https:\/\/www.tmlmobilidade.pt\/en\/wp-json\/wp\/v2\/categories?post=5773"},{"taxonomy":"post_tag","embeddable":true,"href":"https:\/\/www.tmlmobilidade.pt\/en\/wp-json\/wp\/v2\/tags?post=5773"}],"curies":[{"name":"wp","href":"https:\/\/api.w.org\/{rel}","templated":true}]}}