{"id":5746,"date":"2024-11-10T12:01:00","date_gmt":"2024-11-10T12:01:00","guid":{"rendered":"https:\/\/www.tmlmobilidade.pt\/?p=5746"},"modified":"2025-05-13T13:48:49","modified_gmt":"2025-05-13T13:48:49","slug":"plano-de-acessibilidades-e-transportes-de-pessoas-com-deficiencia-na-area-metropolitana-de-lisboa","status":"publish","type":"post","link":"https:\/\/www.tmlmobilidade.pt\/en\/comunicacao\/noticias\/plano-de-acessibilidades-e-transportes-de-pessoas-com-deficiencia-na-area-metropolitana-de-lisboa\/","title":{"rendered":"Plano de acessibilidades e transportes de pessoas com defici\u00eancia na \u00e1rea metropolitana de Lisboa"},"content":{"rendered":"\n<p>A <strong>TML \u2013 Transportes Metropolitanos de Lisboa<\/strong> est\u00e1 a desenvolver o <strong>\u201cPlano de acessibilidade e transporte de pessoas com defici\u00eancia na \u00e1rea metropolitana de Lisboa\u201d<\/strong>, na expectativa de minimizar de forma proactiva as limita\u00e7\u00f5es de acessibilidade aos transportes a que as pessoas com defici\u00eancia est\u00e3o sujeitas, reduzindo a sua autonomia, sociabilidade e integra\u00e7\u00e3o, com reflexos na sua realiza\u00e7\u00e3o profissional e pessoal e com elevados custos pessoais, econ\u00f3micos e societais.<\/p>\n\n\n\n<p>O Plano tem como objetivos<a href=\"#_ftn1\" id=\"_ftnref1\">[1]<\/a> &nbsp;aprofundar o conhecimento sobre a mat\u00e9ria e definir prioridades e medidas que contribuam para o refor\u00e7o da inclus\u00e3o das pessoas com defici\u00eancia nos servi\u00e7os de transporte do territ\u00f3rio da \u00e1rea metropolitana de Lisboa, constituindo um passo para a cria\u00e7\u00e3o de uma \u00e1rea metropolitana mais acess\u00edvel, justa, equitativa e coesa.<\/p>\n\n\n\n<p>Pretende-se identificar medidas e objetivos de refer\u00eancia, replic\u00e1veis a n\u00edvel municipal, regional e nacional, sempre que aplic\u00e1vel, por tipologia de limita\u00e7\u00f5es e condicionantes no acesso e transporte de pessoas com defici\u00eancia.<\/p>\n\n\n\n<p>O Plano est\u00e1 a ser realizado em articula\u00e7\u00e3o com o Instituto Nacional para a Reabilita\u00e7\u00e3o, atendendo \u00e0 sua miss\u00e3o de assegurar o planeamento, execu\u00e7\u00e3o e coordena\u00e7\u00e3o das pol\u00edticas nacionais destinadas a promover os direitos das pessoas com defici\u00eancia.<\/p>\n\n\n\n<p>Encontrando-se o desenvolvimento do Plano na fase de enquadramento e diagn\u00f3stico, pelo seu papel fundamental foram convidados a participar em sess\u00f5es de ausculta\u00e7\u00e3o associa\u00e7\u00f5es de representantes de pessoas com defici\u00eancia, munic\u00edpios, operadores de transporte entidades gestoras de interfaces.<\/p>\n\n\n\n<p>Foram realizadas 3 sess\u00f5es de ausculta\u00e7\u00e3o:<\/p>\n\n\n\n<ul><li>Dia 30 de outubro, 10h00, associa\u00e7\u00f5es ligadas \u00e0s pessoas com defici\u00eancia<\/li><li>Dia 31 de outubro, 10h00, c\u00e2maras municipais e AML<\/li><li>Dia 31 de outubro, 14h00, operadores de transportes e gestores de infraestruturas<\/li><\/ul>\n\n\n\n<p>As sess\u00f5es, muito participadas, decorreram na sede da \u00c1rea Metropolitana de Lisboa e permitiram, numa primeira abordagem, identificar:<\/p>\n\n\n\n<ul><li>problemas\/constrangimentos no acesso \u00e0 rede\/servi\u00e7os de transporte p\u00fablico de passageiros, nas esta\u00e7\u00f5es\/interfaces, a bordo dos ve\u00edculos, na informa\u00e7\u00e3o ao p\u00fablico, na aquisi\u00e7\u00e3o de t\u00edtulos de transporte;<\/li><li>projetos existentes ou previstos para mitigar problemas detetados;<\/li><li>teor das reclama\u00e7\u00f5es\/solicita\u00e7\u00f5es de pessoas com defici\u00eancia;<\/li><li>quest\u00f5es de resolu\u00e7\u00e3o priorit\u00e1ria.<\/li><\/ul>\n\n\n\n<p>Releva-se o interesse dos participantes nos temas abordados e o reconhecimento da prem\u00eancia do Plano.<\/p>\n\n\n\n<figure class=\"wp-block-image size-large\"><img loading=\"lazy\" width=\"1024\" height=\"768\" src=\"https:\/\/www.tmlmobilidade.pt\/wp-content\/uploads\/2025\/02\/2024_10_30_auscultacao_pcd_2-1024x768.jpeg\" alt=\"\" class=\"wp-image-5747\" srcset=\"https:\/\/www.tmlmobilidade.pt\/wp-content\/uploads\/2025\/02\/2024_10_30_auscultacao_pcd_2-1024x768.jpeg 1024w, https:\/\/www.tmlmobilidade.pt\/wp-content\/uploads\/2025\/02\/2024_10_30_auscultacao_pcd_2-300x225.jpeg 300w, https:\/\/www.tmlmobilidade.pt\/wp-content\/uploads\/2025\/02\/2024_10_30_auscultacao_pcd_2-768x576.jpeg 768w, https:\/\/www.tmlmobilidade.pt\/wp-content\/uploads\/2025\/02\/2024_10_30_auscultacao_pcd_2-1536x1152.jpeg 1536w, https:\/\/www.tmlmobilidade.pt\/wp-content\/uploads\/2025\/02\/2024_10_30_auscultacao_pcd_2.jpeg 2000w\" sizes=\"(max-width: 1024px) 100vw, 1024px\" \/><\/figure>\n\n\n\n<hr class=\"wp-block-separator\"\/>\n\n\n\n<p><a id=\"_ftn1\" href=\"#_ftnref1\">[1]<\/a> Alinhados com os objetivos definidos para o <a href=\"https:\/\/www.tmlmobilidade.pt\/comunicacao\/noticias\/o-plano-metropolitano-de-mobilidade-urbana-sustentavel-da-aml-ja-esta-a-ser-construido-um-projeto-para-uma-mobilidade-urbana-sustentavel\/\" target=\"_blank\" rel=\"noreferrer noopener\">Plano Metropolitano de Mobilidade Urbana Sustent\u00e1vel da \u00e1rea metropolitana de Lisboa (PMMUS)<\/a>, tamb\u00e9m em desenvolvimento.<\/p>\n","protected":false},"excerpt":{"rendered":"<p>A TML \u2013 Transportes Metropolitanos de Lisboa est\u00e1 a desenvolver o \u201cPlano de acessibilidade e transporte de pessoas com defici\u00eancia na \u00e1rea metropolitana de Lisboa\u201d, na expectativa de minimizar de forma proactiva as limita\u00e7\u00f5es de acessibilidade aos transportes a que as pessoas com defici\u00eancia est\u00e3o sujeitas, reduzindo a sua autonomia, sociabilidade e integra\u00e7\u00e3o, com reflexos<a class=\"excerpt-read-more\" href=\"https:\/\/www.tmlmobilidade.pt\/en\/comunicacao\/noticias\/plano-de-acessibilidades-e-transportes-de-pessoas-com-deficiencia-na-area-metropolitana-de-lisboa\/\" title=\"ReadPlano de acessibilidades e transportes de pessoas com defici\u00eancia na \u00e1rea metropolitana de Lisboa\">&#8230; Read more &raquo;<\/a><\/p>\n","protected":false},"author":7,"featured_media":0,"comment_status":"closed","ping_status":"closed","sticky":false,"template":"","format":"standard","meta":[],"categories":[47],"tags":[123,119],"acf":[],"_links":{"self":[{"href":"https:\/\/www.tmlmobilidade.pt\/en\/wp-json\/wp\/v2\/posts\/5746"}],"collection":[{"href":"https:\/\/www.tmlmobilidade.pt\/en\/wp-json\/wp\/v2\/posts"}],"about":[{"href":"https:\/\/www.tmlmobilidade.pt\/en\/wp-json\/wp\/v2\/types\/post"}],"author":[{"embeddable":true,"href":"https:\/\/www.tmlmobilidade.pt\/en\/wp-json\/wp\/v2\/users\/7"}],"replies":[{"embeddable":true,"href":"https:\/\/www.tmlmobilidade.pt\/en\/wp-json\/wp\/v2\/comments?post=5746"}],"version-history":[{"count":2,"href":"https:\/\/www.tmlmobilidade.pt\/en\/wp-json\/wp\/v2\/posts\/5746\/revisions"}],"predecessor-version":[{"id":5749,"href":"https:\/\/www.tmlmobilidade.pt\/en\/wp-json\/wp\/v2\/posts\/5746\/revisions\/5749"}],"wp:attachment":[{"href":"https:\/\/www.tmlmobilidade.pt\/en\/wp-json\/wp\/v2\/media?parent=5746"}],"wp:term":[{"taxonomy":"category","embeddable":true,"href":"https:\/\/www.tmlmobilidade.pt\/en\/wp-json\/wp\/v2\/categories?post=5746"},{"taxonomy":"post_tag","embeddable":true,"href":"https:\/\/www.tmlmobilidade.pt\/en\/wp-json\/wp\/v2\/tags?post=5746"}],"curies":[{"name":"wp","href":"https:\/\/api.w.org\/{rel}","templated":true}]}}