{"id":5368,"date":"2024-12-03T11:12:13","date_gmt":"2024-12-03T11:12:13","guid":{"rendered":"https:\/\/www.tmlmobilidade.pt\/?p=5368"},"modified":"2024-12-05T12:44:53","modified_gmt":"2024-12-05T12:44:53","slug":"projeto-europeu-mobil-t-evento-de-encerramento","status":"publish","type":"post","link":"https:\/\/www.tmlmobilidade.pt\/en\/0\/projeto-europeu-mobil-t-evento-de-encerramento\/","title":{"rendered":"Projeto europeu MOBIL.T: Evento de Encerramento"},"content":{"rendered":"\n<p>No pr\u00f3ximo dia <strong>11 de dezembro<\/strong>, a<strong> TML \u2013 Transportes Metropolitanos de Lisboa<\/strong> convida todas a entidades envolvidas e o p\u00fablico em geral para a sess\u00e3o de vis\u00e3o geral e encerramento do projeto europeu <strong>MOBIL.T<\/strong>.<\/p>\n\n\n\n<p>Est\u00e1 conclu\u00eddo o projeto <strong>MOBIL.T &#8211; Mobility and Ticketing for Multimodal Transport in Lisbon<\/strong> e deixa marcas nos sistemas de bilh\u00e9tica dos Operadores de Transporte e Mobilidade da \u00e1rea metropolitana de Lisboa, que a TML, enquanto entidade coordenadora, e os restantes parceiros do projeto, apresentam ao p\u00fablico.<\/p>\n\n\n\n<p>Esta sess\u00e3o a decorrer ao longo da manh\u00e3 do dia 11 de dezembro, na sede da TML, ser\u00e1 conduzida em ingl\u00eas, visando otimizar a compreens\u00e3o de todos os envolvidos.<\/p>\n\n\n\n<p>Inscreva-se at\u00e9 dia 10 atrav\u00e9s do<strong><a rel=\"noreferrer noopener\" href=\"https:\/\/docs.google.com\/forms\/d\/e\/1FAIpQLSfnG9SniJWmFUBfgX4BYDKWZUk8Lv9l827MFXpGHLsIj_G5lw\/viewform\" data-type=\"URL\" data-id=\"https:\/\/docs.google.com\/forms\/d\/e\/1FAIpQLSfnG9SniJWmFUBfgX4BYDKWZUk8Lv9l827MFXpGHLsIj_G5lw\/viewform\" target=\"_blank\"> link<\/a>.<\/strong><\/p>\n\n\n\n<p><\/p>\n\n\n\n<p><\/p>\n\n\n\n<h3 id=\"programa\">Programa:<\/h3>\n\n\n\n<p><strong>09h30 <\/strong><strong>.<\/strong> Rece\u00e7\u00e3o dos participantes<\/p>\n\n\n\n<p><strong>10h00<\/strong><strong> .<\/strong>&nbsp;Sess\u00e3o de boas-vindas (TML)<\/p>\n\n\n\n<p><strong>10h30<\/strong> <strong>.<\/strong> Enquadramento do projeto (TML)<\/p>\n\n\n\n<p><strong>10h50<\/strong> <strong>.<\/strong> Apresenta\u00e7\u00e3o dos parceiros (CP, Metro de Lisboa, Carris)<\/p>\n\n\n\n<p><strong>11h20<\/strong><strong> .<\/strong> Coffee Break<\/p>\n\n\n\n<p><strong>11h35<\/strong> <strong>.<\/strong> Apresenta\u00e7\u00e3o dos parceiros (TST, MTS, Fertagus, EMEL, TML)<\/p>\n\n\n\n<p><strong>12h20<\/strong> <strong>.<\/strong> Resultados globais&nbsp; do projeto (TML)<\/p>\n\n\n\n<p><\/p>\n\n\n\n<p><\/p>\n\n\n\n<h3 id=\"sobre-o-mobil-t-mobility-and-ticketing-for-multimodal-transport-in-lisbon\">Sobre o MOBIL.T &#8211; Mobility and Ticketing for Multimodal Transport in Lisbon:<\/h3>\n\n\n\n<p>Cofinanciado pelo programa europeu CEF Transport, o <a href=\"http:\/\/www.mobil-t.eu\/\">MOBIL.T<\/a> implementa um conjunto de a\u00e7\u00f5es e investimentos com o objetivo de harmonizar os diferentes sistemas de bilh\u00e9tica dos Operadores de Transporte e Mobilidade da \u00e1rea metropolitana de Lisboa (amL), promovendo uma mobilidade intermodal de forma mais integrada e acess\u00edvel, atrav\u00e9s da moderniza\u00e7\u00e3o dos equipamentos dispon\u00edveis, da disponibiliza\u00e7\u00e3o de equipamentos de produ\u00e7\u00e3o e carregamento de cart\u00f5es na hora e da desmaterializa\u00e7\u00e3o e integra\u00e7\u00e3o da bilh\u00e9tica com introdu\u00e7\u00e3o de um sistema compat\u00edvel com tecnologias NFC, BLE e QR Code que possibilitam a intera\u00e7\u00e3o com smartphones, tudo reunido num sistema digital \u00fanico e inovador, promotor de uma Mobilidade sem limites.<\/p>\n","protected":false},"excerpt":{"rendered":"<p>No pr\u00f3ximo dia 11 de dezembro, a TML \u2013 Transportes Metropolitanos de Lisboa convida todas a entidades envolvidas e o p\u00fablico em geral para a sess\u00e3o de vis\u00e3o geral e encerramento do projeto europeu MOBIL.T. Est\u00e1 conclu\u00eddo o projeto MOBIL.T &#8211; Mobility and Ticketing for Multimodal Transport in Lisbon e deixa marcas nos sistemas de<a class=\"excerpt-read-more\" href=\"https:\/\/www.tmlmobilidade.pt\/en\/0\/projeto-europeu-mobil-t-evento-de-encerramento\/\" title=\"ReadProjeto europeu MOBIL.T: Evento de Encerramento\">&#8230; Read more &raquo;<\/a><\/p>\n","protected":false},"author":3,"featured_media":0,"comment_status":"closed","ping_status":"closed","sticky":false,"template":"","format":"standard","meta":[],"categories":[47,7],"tags":[],"acf":[],"_links":{"self":[{"href":"https:\/\/www.tmlmobilidade.pt\/en\/wp-json\/wp\/v2\/posts\/5368"}],"collection":[{"href":"https:\/\/www.tmlmobilidade.pt\/en\/wp-json\/wp\/v2\/posts"}],"about":[{"href":"https:\/\/www.tmlmobilidade.pt\/en\/wp-json\/wp\/v2\/types\/post"}],"author":[{"embeddable":true,"href":"https:\/\/www.tmlmobilidade.pt\/en\/wp-json\/wp\/v2\/users\/3"}],"replies":[{"embeddable":true,"href":"https:\/\/www.tmlmobilidade.pt\/en\/wp-json\/wp\/v2\/comments?post=5368"}],"version-history":[{"count":17,"href":"https:\/\/www.tmlmobilidade.pt\/en\/wp-json\/wp\/v2\/posts\/5368\/revisions"}],"predecessor-version":[{"id":5391,"href":"https:\/\/www.tmlmobilidade.pt\/en\/wp-json\/wp\/v2\/posts\/5368\/revisions\/5391"}],"wp:attachment":[{"href":"https:\/\/www.tmlmobilidade.pt\/en\/wp-json\/wp\/v2\/media?parent=5368"}],"wp:term":[{"taxonomy":"category","embeddable":true,"href":"https:\/\/www.tmlmobilidade.pt\/en\/wp-json\/wp\/v2\/categories?post=5368"},{"taxonomy":"post_tag","embeddable":true,"href":"https:\/\/www.tmlmobilidade.pt\/en\/wp-json\/wp\/v2\/tags?post=5368"}],"curies":[{"name":"wp","href":"https:\/\/api.w.org\/{rel}","templated":true}]}}