{"id":5355,"date":"2024-11-29T10:00:58","date_gmt":"2024-11-29T10:00:58","guid":{"rendered":"https:\/\/www.tmlmobilidade.pt\/?p=5355"},"modified":"2024-12-02T12:07:54","modified_gmt":"2024-12-02T12:07:54","slug":"noticia-de-ultima-hora-a-gratuitidade-jovem-ja-e-para-todos-ate-aos-23-anos","status":"publish","type":"post","link":"https:\/\/www.tmlmobilidade.pt\/en\/comunicacao\/noticias\/noticia-de-ultima-hora-a-gratuitidade-jovem-ja-e-para-todos-ate-aos-23-anos\/","title":{"rendered":"Not\u00edcia de \u00faltima hora: a gratuitidade jovem j\u00e1 \u00e9 para todos at\u00e9 aos 23 anos!"},"content":{"rendered":"\n<p>Todos os jovens at\u00e9 aos 23 anos, sejam estudantes ou n\u00e3o, podem&nbsp;<strong>ativar e carregar o passe gratuito j\u00e1 hoje na App navegante\u00ae&nbsp;<\/strong>que lhes permitir\u00e1 viajar a partir do dia 1 de dezembro, evitando filas ou desloca\u00e7\u00f5es desnecess\u00e1rias \u00e0s lojas.<\/p>\n\n\n\n<p>A<strong>&nbsp;gratuitidade<\/strong>&nbsp;do passe para jovens estudantes \u00e9 alargada para&nbsp;<strong>todos&nbsp;os indiv\u00edduos at\u00e9 aos 23 anos<\/strong>. A medida de incentivo ao uso do transporte p\u00fablico enquadra-se nos compromissos assumidos por Portugal no \u00e2mbito da descarboniza\u00e7\u00e3o e da redu\u00e7\u00e3o das emiss\u00f5es de gases com efeito de estufa para mitigar as altera\u00e7\u00f5es clim\u00e1ticas.<\/p>\n\n\n\n<p><\/p>\n\n\n\n<h3 id=\"apoio-aos-jovens-para-acesso-a-gratuitidade\"><strong>Apoio aos jovens para acesso \u00e0 gratuitidade<\/strong><\/h3>\n\n\n\n<p>Saiba mais sobre como <strong>ativar e carregar o passe gratuito j\u00e1 hoje na App navegante\u00ae<\/strong> <a href=\"https:\/\/www.navegante.pt\/noticias\/noticia-de-ultima-hora-a-gratuitidade-jovem-ja-e-para-todos-ate-aos-23-anos\" data-type=\"URL\" data-id=\"https:\/\/www.navegante.pt\/noticias\/noticia-de-ultima-hora-a-gratuitidade-jovem-ja-e-para-todos-ate-aos-23-anos\" target=\"_blank\" rel=\"noreferrer noopener\">aqui.<\/a><\/p>\n\n\n\n<p>Caso existam d\u00favidas sobre o processo, a&nbsp;<strong>Transportes Metropolitanos de Lisboa (TML)<\/strong>&nbsp;disponibiliza uma linha de apoio exclusiva para a Gratuitidade Jovem, acess\u00edvel atrav\u00e9s do n\u00famero&nbsp;<strong>218&nbsp;206 050<\/strong>.<\/p>\n\n\n\n<p><\/p>\n\n\n\n<h3 id=\"acesso-ao-transporte-e-mais-facil-com-a-app-navegante\"><strong>Acesso ao transporte \u00e9 mais f\u00e1cil com a App navegante\u00ae<\/strong><\/h3>\n\n\n\n<p>Lan\u00e7ada este ano, a&nbsp;<strong>App navegante\u00ae<\/strong>&nbsp;revoluciona o acesso ao transporte p\u00fablico ao disponibilizar servi\u00e7os essenciais para os utilizadores, tornando a experi\u00eancia mais pr\u00e1tica e acess\u00edvel. Entre as funcionalidades dispon\u00edveis est\u00e3o:<\/p>\n\n\n\n<ul><li><strong>Ativar a Gratuitidade Jovem,&nbsp;<\/strong>permitindo aceder e gravar no cart\u00e3o navegante\u00ae o desconto de 100% que confere a gratuitidade jovem.<\/li><li><strong>Carregar o cart\u00e3o navegante\u00ae<\/strong>, com passes ou zapping.<\/li><li><strong>Aceder ao carregamento prolongado do passe gratuito,<\/strong>&nbsp;permitindo aos jovens viajar durante um per\u00edodo mais alargado de tempo sem ter de carregar o passe todos os meses.<\/li><li><strong>Pedir o cart\u00e3o navegante\u00ae com entrega em casa<\/strong>, eliminando a necessidade de desloca\u00e7\u00f5es a pontos de atendimento.<\/li><li><strong>Atualizar dados pessoais<\/strong>, facilitando a gest\u00e3o das informa\u00e7\u00f5es do utilizador.<\/li><li><strong>Consultar informa\u00e7\u00e3o \u00fatil&nbsp;<\/strong>sobre transportes<\/li><\/ul>\n\n\n\n<p>Com estas funcionalidades, a App navegante\u00ae reduz a necessidade de visitas aos espa\u00e7os f\u00edsicos de apoio ao passageiro e garante o acesso imediato \u00e0 Gratuitidade Jovem.<\/p>\n","protected":false},"excerpt":{"rendered":"<p>Todos os jovens at\u00e9 aos 23 anos, sejam estudantes ou n\u00e3o, podem&nbsp;ativar e carregar o passe gratuito j\u00e1 hoje na App navegante\u00ae&nbsp;que lhes permitir\u00e1 viajar a partir do dia 1 de dezembro, evitando filas ou desloca\u00e7\u00f5es desnecess\u00e1rias \u00e0s lojas. A&nbsp;gratuitidade&nbsp;do passe para jovens estudantes \u00e9 alargada para&nbsp;todos&nbsp;os indiv\u00edduos at\u00e9 aos 23 anos. A medida de<a class=\"excerpt-read-more\" href=\"https:\/\/www.tmlmobilidade.pt\/en\/comunicacao\/noticias\/noticia-de-ultima-hora-a-gratuitidade-jovem-ja-e-para-todos-ate-aos-23-anos\/\" title=\"ReadNot\u00edcia de \u00faltima hora: a gratuitidade jovem j\u00e1 \u00e9 para todos at\u00e9 aos 23 anos!\">&#8230; Read more &raquo;<\/a><\/p>\n","protected":false},"author":3,"featured_media":0,"comment_status":"closed","ping_status":"closed","sticky":false,"template":"","format":"standard","meta":[],"categories":[47],"tags":[],"acf":[],"_links":{"self":[{"href":"https:\/\/www.tmlmobilidade.pt\/en\/wp-json\/wp\/v2\/posts\/5355"}],"collection":[{"href":"https:\/\/www.tmlmobilidade.pt\/en\/wp-json\/wp\/v2\/posts"}],"about":[{"href":"https:\/\/www.tmlmobilidade.pt\/en\/wp-json\/wp\/v2\/types\/post"}],"author":[{"embeddable":true,"href":"https:\/\/www.tmlmobilidade.pt\/en\/wp-json\/wp\/v2\/users\/3"}],"replies":[{"embeddable":true,"href":"https:\/\/www.tmlmobilidade.pt\/en\/wp-json\/wp\/v2\/comments?post=5355"}],"version-history":[{"count":7,"href":"https:\/\/www.tmlmobilidade.pt\/en\/wp-json\/wp\/v2\/posts\/5355\/revisions"}],"predecessor-version":[{"id":5366,"href":"https:\/\/www.tmlmobilidade.pt\/en\/wp-json\/wp\/v2\/posts\/5355\/revisions\/5366"}],"wp:attachment":[{"href":"https:\/\/www.tmlmobilidade.pt\/en\/wp-json\/wp\/v2\/media?parent=5355"}],"wp:term":[{"taxonomy":"category","embeddable":true,"href":"https:\/\/www.tmlmobilidade.pt\/en\/wp-json\/wp\/v2\/categories?post=5355"},{"taxonomy":"post_tag","embeddable":true,"href":"https:\/\/www.tmlmobilidade.pt\/en\/wp-json\/wp\/v2\/tags?post=5355"}],"curies":[{"name":"wp","href":"https:\/\/api.w.org\/{rel}","templated":true}]}}