{"id":5342,"date":"2024-11-19T10:54:24","date_gmt":"2024-11-19T10:54:24","guid":{"rendered":"https:\/\/www.tmlmobilidade.pt\/?p=5342"},"modified":"2024-12-02T10:56:35","modified_gmt":"2024-12-02T10:56:35","slug":"lisboa-acolheu-a-5a-reuniao-de-consorcio-do-upper-project-eu-projeto-europeu-para-impulsionar-a-mobilidade-sustentavel","status":"publish","type":"post","link":"https:\/\/www.tmlmobilidade.pt\/en\/comunicacao\/noticias\/lisboa-acolheu-a-5a-reuniao-de-consorcio-do-upper-project-eu-projeto-europeu-para-impulsionar-a-mobilidade-sustentavel\/","title":{"rendered":"Lisboa acolheu a 5\u00aa reuni\u00e3o de cons\u00f3rcio do UPPER Project EU, projeto europeu para impulsionar a mobilidade sustent\u00e1vel"},"content":{"rendered":"\n<p>Nos dias 19 e 20 de novembro, Lisboa recebeu a Assembleia Geral do projeto europeu UPPER, um dos maiores projetos colaborativos com a miss\u00e3o de transformar o transporte p\u00fablico nas cidades europeias. A abrir a sess\u00e3o deste prof\u00edcuo encontro estiveram Faustino Gomes, presidente do Conselho de Administra\u00e7\u00e3o da TML \u2013 Transportes Metropolitanos de Lisboa; Maria Albuquerque, Vice-Presidente da CARRIS; e Fernando Rosa, chefe de divis\u00e3o de Estudos e Planeamento da Mobilidade da C\u00e2mara Municipal de Lisboa (CML).<\/p>\n\n\n\n<p><\/p>\n\n\n\n<figure class=\"wp-block-gallery has-nested-images columns-default is-cropped\">\n<figure class=\"wp-block-image size-large\"><img loading=\"lazy\" width=\"1024\" height=\"768\" data-id=\"5351\"  src=\"https:\/\/www.tmlmobilidade.pt\/wp-content\/uploads\/2024\/12\/WhatsApp-Image-2024-11-19-at-14.11.42-1-2-1024x768.jpeg\" alt=\"\" class=\"wp-image-5351\" srcset=\"https:\/\/www.tmlmobilidade.pt\/wp-content\/uploads\/2024\/12\/WhatsApp-Image-2024-11-19-at-14.11.42-1-2-1024x768.jpeg 1024w, https:\/\/www.tmlmobilidade.pt\/wp-content\/uploads\/2024\/12\/WhatsApp-Image-2024-11-19-at-14.11.42-1-2-300x225.jpeg 300w, https:\/\/www.tmlmobilidade.pt\/wp-content\/uploads\/2024\/12\/WhatsApp-Image-2024-11-19-at-14.11.42-1-2-768x576.jpeg 768w, https:\/\/www.tmlmobilidade.pt\/wp-content\/uploads\/2024\/12\/WhatsApp-Image-2024-11-19-at-14.11.42-1-2-1536x1152.jpeg 1536w, https:\/\/www.tmlmobilidade.pt\/wp-content\/uploads\/2024\/12\/WhatsApp-Image-2024-11-19-at-14.11.42-1-2.jpeg 2000w\" sizes=\"(max-width: 1024px) 100vw, 1024px\" \/><\/figure>\n\n\n\n<figure class=\"wp-block-image size-large\"><img loading=\"lazy\" width=\"1024\" height=\"768\" data-id=\"5352\"  src=\"https:\/\/www.tmlmobilidade.pt\/wp-content\/uploads\/2024\/12\/WhatsApp-Image-2024-11-19-at-14.11.42-6-2-1024x768.jpeg\" alt=\"\" class=\"wp-image-5352\" srcset=\"https:\/\/www.tmlmobilidade.pt\/wp-content\/uploads\/2024\/12\/WhatsApp-Image-2024-11-19-at-14.11.42-6-2-1024x768.jpeg 1024w, https:\/\/www.tmlmobilidade.pt\/wp-content\/uploads\/2024\/12\/WhatsApp-Image-2024-11-19-at-14.11.42-6-2-300x225.jpeg 300w, https:\/\/www.tmlmobilidade.pt\/wp-content\/uploads\/2024\/12\/WhatsApp-Image-2024-11-19-at-14.11.42-6-2-768x576.jpeg 768w, https:\/\/www.tmlmobilidade.pt\/wp-content\/uploads\/2024\/12\/WhatsApp-Image-2024-11-19-at-14.11.42-6-2-1536x1152.jpeg 1536w, https:\/\/www.tmlmobilidade.pt\/wp-content\/uploads\/2024\/12\/WhatsApp-Image-2024-11-19-at-14.11.42-6-2.jpeg 2000w\" sizes=\"(max-width: 1024px) 100vw, 1024px\" \/><\/figure>\n\n\n\n<figure class=\"wp-block-image size-large\"><img loading=\"lazy\" width=\"1024\" height=\"576\" data-id=\"5353\"  src=\"https:\/\/www.tmlmobilidade.pt\/wp-content\/uploads\/2024\/12\/foto_grupo_upper-2-1024x576.jpg\" alt=\"\" class=\"wp-image-5353\" srcset=\"https:\/\/www.tmlmobilidade.pt\/wp-content\/uploads\/2024\/12\/foto_grupo_upper-2-1024x576.jpg 1024w, https:\/\/www.tmlmobilidade.pt\/wp-content\/uploads\/2024\/12\/foto_grupo_upper-2-300x169.jpg 300w, https:\/\/www.tmlmobilidade.pt\/wp-content\/uploads\/2024\/12\/foto_grupo_upper-2-768x432.jpg 768w, https:\/\/www.tmlmobilidade.pt\/wp-content\/uploads\/2024\/12\/foto_grupo_upper-2-1536x864.jpg 1536w, https:\/\/www.tmlmobilidade.pt\/wp-content\/uploads\/2024\/12\/foto_grupo_upper-2.jpg 2048w\" sizes=\"(max-width: 1024px) 100vw, 1024px\" \/><\/figure>\n<\/figure>\n\n\n\n<p>A capital portuguesa, a mesma \u201cpor onde Pessoa caminhou, onde o sonho e a realidade se entrela\u00e7am\u201d, conforme apresentada no convite \u00e0 participa\u00e7\u00e3o, foi a anfitri\u00e3 de uma reuni\u00e3o onde marcaram presen\u00e7a mais de 40 entidades parceiras de 10 cidades \/ regi\u00f5es europeias &#8211; Val\u00eancia, Roma, \u00cele-de-France, Oslo, Mannheim, Lisboa, Leuven, Budapeste, Sal\u00f3nica, regi\u00e3o de Hannover &#8211; interessadas em debater as estrat\u00e9gias que est\u00e3o a ser implementadas nas suas cidades para tornar o transporte p\u00fablico mais limpo, eficiente e acess\u00edvel.<\/p>\n\n\n\n<p>Neste encontro, a TML teve a oportunidade de apresentar solu\u00e7\u00f5es inovadoras que est\u00e1 a desenvolver para melhorar a acessibilidade e a mobilidade das pessoas na \u00e1rea metropolitana de Lisboa, como a implementa\u00e7\u00e3o da App navegante\u00ae, a integra\u00e7\u00e3o do sistema de bicicletas Gira com o sistema navegante\u00ae, a emiss\u00e3o de bilhetes espec\u00edficos para grandes eventos como as Jornadas Mundiais da Juventude, ou o desenvolvimento do Plano Metropolitano de Mobilidade Urbana Sustent\u00e1vel, com conclus\u00e3o prevista para o ver\u00e3o de 2025.<\/p>\n\n\n\n<p>Lisboa, como cidade anfitri\u00e3, ofereceu ainda aos parceiros do projeto a oportunidade de conhecer algumas das inova\u00e7\u00f5es em mobilidade sustent\u00e1vel que est\u00e3o a moldar o futuro da cidade, como a nova frota de navios el\u00e9tricos da Transtejo Soflusa ou a promo\u00e7\u00e3o dos modos ativos na comunidade escolar, atrav\u00e9s da amplia\u00e7\u00e3o da rede cicl\u00e1vel e da expans\u00e3o do sistema municipal de bicicletas partilhadas. J\u00e1 a CARRIS apresentou as suas abordagens inovadoras para melhorar a rede de autocarros e el\u00e9tricos da cidade, com foco na sustentabilidade, no atendimento ao cliente e na promo\u00e7\u00e3o de um sistema de transporte p\u00fablico mais integrado e acess\u00edvel.<\/p>\n\n\n\n<p>No final destes dois dias de trabalho, a organiza\u00e7\u00e3o da Assembleia Geral sublinhou a import\u00e2ncia de reuni\u00f5es como esta: \u201cElas facilitam discuss\u00f5es aprofundadas, promovem a colabora\u00e7\u00e3o e garantem que permane\u00e7amos alinhados com nossas metas e objetivos.\u201d Ou seja, todos orientados no mesmo prop\u00f3sito de implementar solu\u00e7\u00f5es inovadoras e estrat\u00e9gias de descarboniza\u00e7\u00e3o no transporte urbano, ajudando a transformar as cidades em l\u00edderes da mobilidade sustent\u00e1vel e da transi\u00e7\u00e3o energ\u00e9tica.<\/p>\n","protected":false},"excerpt":{"rendered":"<p>Nos dias 19 e 20 de novembro, Lisboa recebeu a Assembleia Geral do projeto europeu UPPER, um dos maiores projetos colaborativos com a miss\u00e3o de transformar o transporte p\u00fablico nas cidades europeias. A abrir a sess\u00e3o deste prof\u00edcuo encontro estiveram Faustino Gomes, presidente do Conselho de Administra\u00e7\u00e3o da TML \u2013 Transportes Metropolitanos de Lisboa; Maria<a class=\"excerpt-read-more\" href=\"https:\/\/www.tmlmobilidade.pt\/en\/comunicacao\/noticias\/lisboa-acolheu-a-5a-reuniao-de-consorcio-do-upper-project-eu-projeto-europeu-para-impulsionar-a-mobilidade-sustentavel\/\" title=\"ReadLisboa acolheu a 5\u00aa reuni\u00e3o de cons\u00f3rcio do UPPER Project EU, projeto europeu para impulsionar a mobilidade sustent\u00e1vel\">&#8230; Read more &raquo;<\/a><\/p>\n","protected":false},"author":3,"featured_media":0,"comment_status":"closed","ping_status":"closed","sticky":false,"template":"","format":"standard","meta":[],"categories":[47],"tags":[],"acf":[],"_links":{"self":[{"href":"https:\/\/www.tmlmobilidade.pt\/en\/wp-json\/wp\/v2\/posts\/5342"}],"collection":[{"href":"https:\/\/www.tmlmobilidade.pt\/en\/wp-json\/wp\/v2\/posts"}],"about":[{"href":"https:\/\/www.tmlmobilidade.pt\/en\/wp-json\/wp\/v2\/types\/post"}],"author":[{"embeddable":true,"href":"https:\/\/www.tmlmobilidade.pt\/en\/wp-json\/wp\/v2\/users\/3"}],"replies":[{"embeddable":true,"href":"https:\/\/www.tmlmobilidade.pt\/en\/wp-json\/wp\/v2\/comments?post=5342"}],"version-history":[{"count":3,"href":"https:\/\/www.tmlmobilidade.pt\/en\/wp-json\/wp\/v2\/posts\/5342\/revisions"}],"predecessor-version":[{"id":5354,"href":"https:\/\/www.tmlmobilidade.pt\/en\/wp-json\/wp\/v2\/posts\/5342\/revisions\/5354"}],"wp:attachment":[{"href":"https:\/\/www.tmlmobilidade.pt\/en\/wp-json\/wp\/v2\/media?parent=5342"}],"wp:term":[{"taxonomy":"category","embeddable":true,"href":"https:\/\/www.tmlmobilidade.pt\/en\/wp-json\/wp\/v2\/categories?post=5342"},{"taxonomy":"post_tag","embeddable":true,"href":"https:\/\/www.tmlmobilidade.pt\/en\/wp-json\/wp\/v2\/tags?post=5342"}],"curies":[{"name":"wp","href":"https:\/\/api.w.org\/{rel}","templated":true}]}}