{"id":5243,"date":"2024-10-11T18:01:39","date_gmt":"2024-10-11T18:01:39","guid":{"rendered":"https:\/\/www.tmlmobilidade.pt\/?p=5243"},"modified":"2024-10-11T18:01:51","modified_gmt":"2024-10-11T18:01:51","slug":"tml-levou-a-mobilidade-mais-agil-ao-portugal-smart-cities-summit","status":"publish","type":"post","link":"https:\/\/www.tmlmobilidade.pt\/en\/comunicacao\/noticias\/tml-levou-a-mobilidade-mais-agil-ao-portugal-smart-cities-summit\/","title":{"rendered":"TML levou a mobilidade mais \u00e1gil ao Portugal Smart Cities Summit"},"content":{"rendered":"\n<p>Cabiam num bolso todas os produtos que a Transportes Metropolitanos de Lisboa quis apresentar no Portugal Smart Cities Summit. Como se quer nas cidades do futuro, onde a mobilidade dever\u00e1 ser cada vez mais \u00e1gil, simples e acess\u00edvel!<\/p>\n\n\n\n<p>navegante\u00ae Empresas e a sua nova App de carregamento aut\u00f3nomo para os trabalhadores das empresas aderentes, App navegante\u00ae, App Carris Metropolitana e, claro, o passe navegante\u00ae foram os anfitri\u00f5es do stand da TML \u2013 Transportes Metropolitanos de Lisboa. E n\u00e3o houve quem n\u00e3o quisesse ir conhec\u00ea-los, a julgar pelo n\u00famero de visitas.<\/p>\n\n\n\n<figure class=\"wp-block-image size-large\"><img loading=\"lazy\" width=\"1024\" height=\"705\" src=\"https:\/\/www.tmlmobilidade.pt\/wp-content\/uploads\/2024\/10\/mosaico_smartcities_tml-1024x705.png\" alt=\"\" class=\"wp-image-5247\" srcset=\"https:\/\/www.tmlmobilidade.pt\/wp-content\/uploads\/2024\/10\/mosaico_smartcities_tml-1024x705.png 1024w, https:\/\/www.tmlmobilidade.pt\/wp-content\/uploads\/2024\/10\/mosaico_smartcities_tml-300x207.png 300w, https:\/\/www.tmlmobilidade.pt\/wp-content\/uploads\/2024\/10\/mosaico_smartcities_tml-768x529.png 768w, https:\/\/www.tmlmobilidade.pt\/wp-content\/uploads\/2024\/10\/mosaico_smartcities_tml.png 1500w\" sizes=\"(max-width: 1024px) 100vw, 1024px\" \/><\/figure>\n\n\n\n<p>Ao longo dos tr\u00eas dias de dura\u00e7\u00e3o do evento, o stand da TML esteve impar\u00e1vel. Se, por um lado, foi muito visitado por estudantes do secund\u00e1rio e universit\u00e1rios, utilizadores do passe navegante\u00ae que viram as suas d\u00favidas esclarecidas sobre a gratuitidade que lhes \u00e9 devida, por outro, acolheu tamb\u00e9m representantes de empresas ou s\u00f3 trabalhadores com vontade de saberem mais sobre o produto que a TML disponibiliza \u00e0s empresas que querem oferecer o passe aos seus trabalhadores e assim contribuirem para o incentivo ao uso do transporte p\u00fablico.<\/p>\n\n\n\n<p>Foram ainda muitos os utilizadores de transportes p\u00fablicos ocasionais que se renderam \u00e0 ideia de aqui fazerem o passe personalizado na hora, para si ou at\u00e9 para os seus filhos, e que sa\u00edram com a promessa de lhe vir a dar bom uso. Tal como tantos outros foram surpreendidos com a novidade de poderem planear as suas viagens na Carris Metropolitana atrav\u00e9s da sua App, de poderem carregar o passe com todo o conforto na App navegante\u00ae e de ainda ficarem habilitados automaticamente ao sorteio do passe do m\u00eas seguinte pelo simples facto de fazerem o carregamento por esta via.<\/p>\n\n\n\n<p>A TML foi ainda ponto de encontro de entidades e de representantes de autarquias que quiseram deixar o seu voto de confian\u00e7a no trabalho da empresa e que semearam ideias para futuras parcerias.&nbsp;<\/p>\n","protected":false},"excerpt":{"rendered":"<p>Cabiam num bolso todas os produtos que a Transportes Metropolitanos de Lisboa quis apresentar no Portugal Smart Cities Summit. Como se quer nas cidades do futuro, onde a mobilidade dever\u00e1 ser cada vez mais \u00e1gil, simples e acess\u00edvel! navegante\u00ae Empresas e a sua nova App de carregamento aut\u00f3nomo para os trabalhadores das empresas aderentes, App<a class=\"excerpt-read-more\" href=\"https:\/\/www.tmlmobilidade.pt\/en\/comunicacao\/noticias\/tml-levou-a-mobilidade-mais-agil-ao-portugal-smart-cities-summit\/\" title=\"ReadTML levou a mobilidade mais \u00e1gil ao Portugal Smart Cities Summit\">&#8230; Read more &raquo;<\/a><\/p>\n","protected":false},"author":3,"featured_media":0,"comment_status":"closed","ping_status":"closed","sticky":false,"template":"","format":"standard","meta":[],"categories":[47],"tags":[],"acf":[],"_links":{"self":[{"href":"https:\/\/www.tmlmobilidade.pt\/en\/wp-json\/wp\/v2\/posts\/5243"}],"collection":[{"href":"https:\/\/www.tmlmobilidade.pt\/en\/wp-json\/wp\/v2\/posts"}],"about":[{"href":"https:\/\/www.tmlmobilidade.pt\/en\/wp-json\/wp\/v2\/types\/post"}],"author":[{"embeddable":true,"href":"https:\/\/www.tmlmobilidade.pt\/en\/wp-json\/wp\/v2\/users\/3"}],"replies":[{"embeddable":true,"href":"https:\/\/www.tmlmobilidade.pt\/en\/wp-json\/wp\/v2\/comments?post=5243"}],"version-history":[{"count":2,"href":"https:\/\/www.tmlmobilidade.pt\/en\/wp-json\/wp\/v2\/posts\/5243\/revisions"}],"predecessor-version":[{"id":5249,"href":"https:\/\/www.tmlmobilidade.pt\/en\/wp-json\/wp\/v2\/posts\/5243\/revisions\/5249"}],"wp:attachment":[{"href":"https:\/\/www.tmlmobilidade.pt\/en\/wp-json\/wp\/v2\/media?parent=5243"}],"wp:term":[{"taxonomy":"category","embeddable":true,"href":"https:\/\/www.tmlmobilidade.pt\/en\/wp-json\/wp\/v2\/categories?post=5243"},{"taxonomy":"post_tag","embeddable":true,"href":"https:\/\/www.tmlmobilidade.pt\/en\/wp-json\/wp\/v2\/tags?post=5243"}],"curies":[{"name":"wp","href":"https:\/\/api.w.org\/{rel}","templated":true}]}}