{"id":5211,"date":"2024-09-24T14:40:21","date_gmt":"2024-09-24T14:40:21","guid":{"rendered":"https:\/\/www.tmlmobilidade.pt\/?p=5211"},"modified":"2024-09-24T14:41:49","modified_gmt":"2024-09-24T14:41:49","slug":"sessao-de-participacao-publica-do-pmmus-em-sintra-proximo-dia-0","status":"publish","type":"post","link":"https:\/\/www.tmlmobilidade.pt\/en\/comunicacao\/noticias\/sessao-de-participacao-publica-do-pmmus-em-sintra-proximo-dia-0\/","title":{"rendered":"Sess\u00e3o de Participa\u00e7\u00e3o P\u00fablica do PMMUS em Sintra, pr\u00f3ximo dia 07 de outubro"},"content":{"rendered":"\n<p>\ud83d\udce3Nova data para sess\u00e3o de apresenta\u00e7\u00e3o p\u00fablica dos resultados de caracteriza\u00e7\u00e3o e diagn\u00f3stico do PMMUS em Sintra\ud83d\udce3<br><br>O dia 7 de outubro foi a nova data escolhida para a sess\u00e3o de apresenta\u00e7\u00e3o dos resultados de caracteriza\u00e7\u00e3o e diagn\u00f3stico do Plano Metropolitano de Mobilidade Urbana Sustent\u00e1vel (PMMUS) em Sintra, ap\u00f3s o cancelamento da mesma devido ao decreto de luto nacional.<br><br>Todos os cidad\u00e3os s\u00e3o convidados a participar nesta sess\u00e3o que representa uma oportunidade \u00fanica para conhecer o sistema atual de mobilidade da \u00e1rea metropolitana de Lisboa e contribuir com ideias e sugest\u00f5es essenciais para o desenvolvimento do Plano.<br><br>A sess\u00e3o decorre, conforme previsto, na Sala Ac\u00e1cio Barreiros do Centro Cultural Olga Cadaval, pelas 10h, para os mun\u00edcipes da Margem Norte e outras entidades.<br><br>A entrada \u00e9 livre, mas pressup\u00f5e inscri\u00e7\u00e3o.<br>Inscreva-se! \ud83d\udc49 <a href=\"https:\/\/lnkd.in\/gUC7geRA\">https:\/\/lnkd.in\/gUC7geRA<\/a><\/p>\n","protected":false},"excerpt":{"rendered":"<p>\ud83d\udce3Nova data para sess\u00e3o de apresenta\u00e7\u00e3o p\u00fablica dos resultados de caracteriza\u00e7\u00e3o e diagn\u00f3stico do PMMUS em Sintra\ud83d\udce3 O dia 7 de outubro foi a nova data escolhida para a sess\u00e3o de apresenta\u00e7\u00e3o dos resultados de caracteriza\u00e7\u00e3o e diagn\u00f3stico do Plano Metropolitano de Mobilidade Urbana Sustent\u00e1vel (PMMUS) em Sintra, ap\u00f3s o cancelamento da mesma devido ao<a class=\"excerpt-read-more\" href=\"https:\/\/www.tmlmobilidade.pt\/en\/comunicacao\/noticias\/sessao-de-participacao-publica-do-pmmus-em-sintra-proximo-dia-0\/\" title=\"ReadSess\u00e3o de Participa\u00e7\u00e3o P\u00fablica do PMMUS em Sintra, pr\u00f3ximo dia 07 de outubro\">&#8230; Read more &raquo;<\/a><\/p>\n","protected":false},"author":3,"featured_media":0,"comment_status":"closed","ping_status":"closed","sticky":false,"template":"","format":"standard","meta":[],"categories":[47],"tags":[],"acf":[],"_links":{"self":[{"href":"https:\/\/www.tmlmobilidade.pt\/en\/wp-json\/wp\/v2\/posts\/5211"}],"collection":[{"href":"https:\/\/www.tmlmobilidade.pt\/en\/wp-json\/wp\/v2\/posts"}],"about":[{"href":"https:\/\/www.tmlmobilidade.pt\/en\/wp-json\/wp\/v2\/types\/post"}],"author":[{"embeddable":true,"href":"https:\/\/www.tmlmobilidade.pt\/en\/wp-json\/wp\/v2\/users\/3"}],"replies":[{"embeddable":true,"href":"https:\/\/www.tmlmobilidade.pt\/en\/wp-json\/wp\/v2\/comments?post=5211"}],"version-history":[{"count":5,"href":"https:\/\/www.tmlmobilidade.pt\/en\/wp-json\/wp\/v2\/posts\/5211\/revisions"}],"predecessor-version":[{"id":5219,"href":"https:\/\/www.tmlmobilidade.pt\/en\/wp-json\/wp\/v2\/posts\/5211\/revisions\/5219"}],"wp:attachment":[{"href":"https:\/\/www.tmlmobilidade.pt\/en\/wp-json\/wp\/v2\/media?parent=5211"}],"wp:term":[{"taxonomy":"category","embeddable":true,"href":"https:\/\/www.tmlmobilidade.pt\/en\/wp-json\/wp\/v2\/categories?post=5211"},{"taxonomy":"post_tag","embeddable":true,"href":"https:\/\/www.tmlmobilidade.pt\/en\/wp-json\/wp\/v2\/tags?post=5211"}],"curies":[{"name":"wp","href":"https:\/\/api.w.org\/{rel}","templated":true}]}}