{"id":5190,"date":"2024-09-12T22:19:01","date_gmt":"2024-09-12T22:19:01","guid":{"rendered":"https:\/\/www.tmlmobilidade.pt\/?p=5190"},"modified":"2024-09-12T22:19:18","modified_gmt":"2024-09-12T22:19:18","slug":"sessoes-de-apresentacao-publica-dos-resultados-de-caracterizacao-e-diagnostico-do-pmmus","status":"publish","type":"post","link":"https:\/\/www.tmlmobilidade.pt\/en\/comunicacao\/noticias\/sessoes-de-apresentacao-publica-dos-resultados-de-caracterizacao-e-diagnostico-do-pmmus\/","title":{"rendered":"Sess\u00f5es de Apresenta\u00e7\u00e3o P\u00fablica dos Resultados de Caracteriza\u00e7\u00e3o e Diagn\u00f3stico do PMMUS"},"content":{"rendered":"\n<p>\u00c9 j\u00e1 nos dias <strong>19 e 20 de setembro <\/strong>que decorrem, <strong>em Almada e Sintra<\/strong>, as apresenta\u00e7\u00f5es p\u00fablicas dos resultados de caracteriza\u00e7\u00e3o e diagn\u00f3stico do Plano Metropolitano de Mobilidade Urbana Sustent\u00e1vel (PMMUS).<\/p>\n\n\n\n<p><strong>Todos os cidad\u00e3os s\u00e3o convidados a participar nestas sess\u00f5es <\/strong>que representam uma oportunidade \u00fanica para conhecer o sistema atual de mobilidade da \u00e1rea metropolitana de Lisboa e <strong>contribuir com ideias e sugest\u00f5es essenciais para o desenvolvimento do Plano<\/strong>.<\/p>\n\n\n\n<p>No dia <strong>19 de setembro<\/strong>, a sess\u00e3o acontece no munic\u00edpio de <strong>Almada, pelas 14h30, no Audit\u00f3rio CGD da Faculdade Ci\u00eancias e Tecnologia da UNL<\/strong>, no Monte da Caparica, para os mun\u00edcipes da Margem Sul e outras entidades.<\/p>\n\n\n\n<p>No dia <strong>20 de setembro<\/strong>, a sess\u00e3o decorre no munic\u00edpio de <strong>Sintra, na Sala Ac\u00e1cio Barreiros do Centro Cultural Olga Cadaval, pelas 10h<\/strong>, para os mun\u00edcipes da Margem Norte e outras entidades.<\/p>\n\n\n\n<p>A entrada \u00e9 livre e n\u00e3o est\u00e1 sujeita a inscri\u00e7\u00e3o!<\/p>\n","protected":false},"excerpt":{"rendered":"<p>\u00c9 j\u00e1 nos dias 19 e 20 de setembro que decorrem, em Almada e Sintra, as apresenta\u00e7\u00f5es p\u00fablicas dos resultados de caracteriza\u00e7\u00e3o e diagn\u00f3stico do Plano Metropolitano de Mobilidade Urbana Sustent\u00e1vel (PMMUS). Todos os cidad\u00e3os s\u00e3o convidados a participar nestas sess\u00f5es que representam uma oportunidade \u00fanica para conhecer o sistema atual de mobilidade da \u00e1rea<a class=\"excerpt-read-more\" href=\"https:\/\/www.tmlmobilidade.pt\/en\/comunicacao\/noticias\/sessoes-de-apresentacao-publica-dos-resultados-de-caracterizacao-e-diagnostico-do-pmmus\/\" title=\"ReadSess\u00f5es de Apresenta\u00e7\u00e3o P\u00fablica dos Resultados de Caracteriza\u00e7\u00e3o e Diagn\u00f3stico do PMMUS\">&#8230; Read more &raquo;<\/a><\/p>\n","protected":false},"author":3,"featured_media":0,"comment_status":"closed","ping_status":"closed","sticky":false,"template":"","format":"standard","meta":[],"categories":[47],"tags":[],"acf":[],"_links":{"self":[{"href":"https:\/\/www.tmlmobilidade.pt\/en\/wp-json\/wp\/v2\/posts\/5190"}],"collection":[{"href":"https:\/\/www.tmlmobilidade.pt\/en\/wp-json\/wp\/v2\/posts"}],"about":[{"href":"https:\/\/www.tmlmobilidade.pt\/en\/wp-json\/wp\/v2\/types\/post"}],"author":[{"embeddable":true,"href":"https:\/\/www.tmlmobilidade.pt\/en\/wp-json\/wp\/v2\/users\/3"}],"replies":[{"embeddable":true,"href":"https:\/\/www.tmlmobilidade.pt\/en\/wp-json\/wp\/v2\/comments?post=5190"}],"version-history":[{"count":2,"href":"https:\/\/www.tmlmobilidade.pt\/en\/wp-json\/wp\/v2\/posts\/5190\/revisions"}],"predecessor-version":[{"id":5195,"href":"https:\/\/www.tmlmobilidade.pt\/en\/wp-json\/wp\/v2\/posts\/5190\/revisions\/5195"}],"wp:attachment":[{"href":"https:\/\/www.tmlmobilidade.pt\/en\/wp-json\/wp\/v2\/media?parent=5190"}],"wp:term":[{"taxonomy":"category","embeddable":true,"href":"https:\/\/www.tmlmobilidade.pt\/en\/wp-json\/wp\/v2\/categories?post=5190"},{"taxonomy":"post_tag","embeddable":true,"href":"https:\/\/www.tmlmobilidade.pt\/en\/wp-json\/wp\/v2\/tags?post=5190"}],"curies":[{"name":"wp","href":"https:\/\/api.w.org\/{rel}","templated":true}]}}