{"id":5039,"date":"2024-05-09T18:04:59","date_gmt":"2024-05-09T18:04:59","guid":{"rendered":"https:\/\/www.tmlmobilidade.pt\/?p=5039"},"modified":"2024-05-10T09:57:51","modified_gmt":"2024-05-10T09:57:51","slug":"tml-recebe-a-visita-da-delegacao-da-autoridade-de-transportes-de-sofia-bulgaria","status":"publish","type":"post","link":"https:\/\/www.tmlmobilidade.pt\/en\/comunicacao\/noticias\/tml-recebe-a-visita-da-delegacao-da-autoridade-de-transportes-de-sofia-bulgaria\/","title":{"rendered":"TML recebe a visita da Delega\u00e7\u00e3o da Autoridade de Transportes de Sofia, Bulg\u00e1ria"},"content":{"rendered":"\n<p>No \u00e2mbito da partilha de experi\u00eancias com outras autoridades de transportes, decorrente da integra\u00e7\u00e3o da Transportes Metropolitanos de Lisboa (TML) na European Metropolitan Transports Authorities (EMTA), a TML acolhe, nos dias 7 e 8 de maio, a Delega\u00e7\u00e3o da Autoridade de Transportes de Sofia (SUMC).<\/p>\n\n\n\n<p>Trata-se de uma \u201cvisita de estudo\u201d, segundo palavras de Metodi Avramov, o Diretor de Estrat\u00e9gia, Inova\u00e7\u00e3o e Projetos Internacionais do SUMC. A comitiva de seis elementos (quatro representantes da Autoridade de Transportes Sofia Urban Mobility Centre (SUMC), incluindo o seu CEO, e dois representantes de Sofia, capital da Bulg\u00e1ria, incluindo o seu Diretor de Transportes).<\/p>\n\n\n\n<p>O plano da visita procura responder ao interesse demonstrado pela SUMC em conhecer o sistema de bilh\u00e9tica da TML, os novos produtos lan\u00e7ados, a intera\u00e7\u00e3o e integra\u00e7\u00e3o com os diferentes munic\u00edpios, assim como as futuras evolu\u00e7\u00f5es, para al\u00e9m de outros temas como dados de recupera\u00e7\u00e3o p\u00f3s-covid, ferramentas para otimiza\u00e7\u00e3o e gest\u00e3o de hor\u00e1rios dos transportes p\u00fablicos, refor\u00e7o nas zonas de baixa emiss\u00e3o, solu\u00e7\u00f5es de estacionamento e de infraestruturas de transportes.<\/p>\n\n\n\n<p>O programa de dois dias, prev\u00ea a rece\u00e7\u00e3o e enquadramento pela Administra\u00e7\u00e3o da TML, a intera\u00e7\u00e3o com dois departamentos da TML, nomeadamente com Gest\u00e3o de Contratos e Sistemas Tecnol\u00f3gicos (ITS), bem como a visita \u00e0 EMEL, que amavelmente acedeu ao pedido da TML para partilhar a sua experi\u00eancia com a comitiva b\u00falgara.<\/p>\n","protected":false},"excerpt":{"rendered":"<p>No \u00e2mbito da partilha de experi\u00eancias com outras autoridades de transportes, decorrente da integra\u00e7\u00e3o da Transportes Metropolitanos de Lisboa (TML) na European Metropolitan Transports Authorities (EMTA), a TML acolhe, nos dias 7 e 8 de maio, a Delega\u00e7\u00e3o da Autoridade de Transportes de Sofia (SUMC). Trata-se de uma \u201cvisita de estudo\u201d, segundo palavras de Metodi<a class=\"excerpt-read-more\" href=\"https:\/\/www.tmlmobilidade.pt\/en\/comunicacao\/noticias\/tml-recebe-a-visita-da-delegacao-da-autoridade-de-transportes-de-sofia-bulgaria\/\" title=\"ReadTML recebe a visita da Delega\u00e7\u00e3o da Autoridade de Transportes de Sofia, Bulg\u00e1ria\">&#8230; Read more &raquo;<\/a><\/p>\n","protected":false},"author":3,"featured_media":0,"comment_status":"closed","ping_status":"closed","sticky":false,"template":"","format":"standard","meta":[],"categories":[47],"tags":[],"acf":[],"_links":{"self":[{"href":"https:\/\/www.tmlmobilidade.pt\/en\/wp-json\/wp\/v2\/posts\/5039"}],"collection":[{"href":"https:\/\/www.tmlmobilidade.pt\/en\/wp-json\/wp\/v2\/posts"}],"about":[{"href":"https:\/\/www.tmlmobilidade.pt\/en\/wp-json\/wp\/v2\/types\/post"}],"author":[{"embeddable":true,"href":"https:\/\/www.tmlmobilidade.pt\/en\/wp-json\/wp\/v2\/users\/3"}],"replies":[{"embeddable":true,"href":"https:\/\/www.tmlmobilidade.pt\/en\/wp-json\/wp\/v2\/comments?post=5039"}],"version-history":[{"count":5,"href":"https:\/\/www.tmlmobilidade.pt\/en\/wp-json\/wp\/v2\/posts\/5039\/revisions"}],"predecessor-version":[{"id":5048,"href":"https:\/\/www.tmlmobilidade.pt\/en\/wp-json\/wp\/v2\/posts\/5039\/revisions\/5048"}],"wp:attachment":[{"href":"https:\/\/www.tmlmobilidade.pt\/en\/wp-json\/wp\/v2\/media?parent=5039"}],"wp:term":[{"taxonomy":"category","embeddable":true,"href":"https:\/\/www.tmlmobilidade.pt\/en\/wp-json\/wp\/v2\/categories?post=5039"},{"taxonomy":"post_tag","embeddable":true,"href":"https:\/\/www.tmlmobilidade.pt\/en\/wp-json\/wp\/v2\/tags?post=5039"}],"curies":[{"name":"wp","href":"https:\/\/api.w.org\/{rel}","templated":true}]}}