{"id":5031,"date":"2024-05-08T17:36:05","date_gmt":"2024-05-08T17:36:05","guid":{"rendered":"https:\/\/www.tmlmobilidade.pt\/?p=5031"},"modified":"2024-05-08T17:44:53","modified_gmt":"2024-05-08T17:44:53","slug":"plano-metropolitano-de-mobilidade-urbana-sustentavel-apresentou-se-ao-publico","status":"publish","type":"post","link":"https:\/\/www.tmlmobilidade.pt\/en\/comunicacao\/noticias\/plano-metropolitano-de-mobilidade-urbana-sustentavel-apresentou-se-ao-publico\/","title":{"rendered":"Plano Metropolitano de Mobilidade Urbana Sustent\u00e1vel apresentou-se ao p\u00fablico"},"content":{"rendered":"\n<p>A 7 de maio, o Audit\u00f3rio Municipal de Pinhal Novo, em Palmela, abriu as suas portas para a primeira sess\u00e3o p\u00fablica de apresenta\u00e7\u00e3o do processo de desenvolvimento e constru\u00e7\u00e3o do Plano Metropolitano de Mobilidade Urbana Sustent\u00e1vel (PMMUS).<\/p>\n\n\n\n<p>Palmela acolheu este primeiro importante passo para a participa\u00e7\u00e3o p\u00fablica no PMMUS, mas o Presidente da Transportes Metropolitanos de Lisboa (TML), Faustino Gomes, garantiu que o plano ser\u00e1 levado a todos os outros munic\u00edpios da \u00e1rea metropolitana de Lisboa. \u00c1lvaro Bolseiro Amaro, presidente da C\u00e2mara de Palmela, n\u00e3o deixou por isso de se congratular com o facto do seu concelho, \u201cdiariamente atravessado por milhares de pessoas\u201d, ser o anfitri\u00e3o desta sess\u00e3o p\u00fablica num projeto desta dimens\u00e3o, real\u00e7ando que \u201ctodos os cidad\u00e3os t\u00eam uma vis\u00e3o acerca da mobilidade\u201d e que \u201c\u00e9 bom que possamos refletir em conjunto\u201d sobre estes temas. Na apresenta\u00e7\u00e3o do PMMUS, Faustino Gomes refor\u00e7ou igualmente a quest\u00e3o da participa\u00e7\u00e3o p\u00fablica e da envolv\u00eancia metropolitana: \u201co primeiro M \u2013 de Metropolitano &#8211; \u00e9 fundamental para se compreender a l\u00f3gica do PMMUS. Muitos munic\u00edpios fizeram j\u00e1 o seu plano de mobilidade. O PMMUS tem como objetivo unir toda a \u00e1rea metropolitana e apontar para uma coer\u00eancia de pol\u00edticas municipais.\u201d Faustino Gomes come\u00e7ava assim a apresenta\u00e7\u00e3o do PMMUS a uma plateia de cerca de 200 participantes \u2013 entre popula\u00e7\u00e3o em geral, representantes de \u00f3rg\u00e3os de comunica\u00e7\u00e3o social, de entidades e de associa\u00e7\u00f5es v\u00e1rias e todos os que acompanharam o evento via <em>streaming.<\/em><\/p>\n\n\n\n<p><strong>O PMMUS<\/strong><\/p>\n\n\n\n<p>O Plano Metropolitano de Mobilidade Urbana Sustent\u00e1vel \u00e9 um exerc\u00edcio de planeamento desenvolvido e orientado pela TML, em articula\u00e7\u00e3o com a \u00c1rea Metropolitana de Lisboa (AML) e com os munic\u00edpios, que tem por objetivo identificar necessidades e propor medidas e a\u00e7\u00f5es para melhorar a mobilidade dos cidad\u00e3os e o transporte de mercadorias em contexto metropolitano e dos seus 18 munic\u00edpios. Este projeto, com um investimento aproximado de 390 mil euros e prazo de execu\u00e7\u00e3o de 20 meses, iniciou em dezembro de 2023. Orientado pelas diretrizes da Comiss\u00e3o Europeia, distingue-se, segundo Faustino Gomes, \u201cpela componente de Avalia\u00e7\u00e3o Ambiental Estrat\u00e9gica (AAE) que decorre dentro do \u00e2mbito do plano, com uma equipa distinta, mas coordenada e a trabalhar em paralelo\u201d. Manuel Pinheiro, da equipa de consultores contratados pela TML (cons\u00f3rcio liderado pela empresa Way2Go) para o desenvolvimento do Plano, apresentou a metodologia da AAE, detalhando as fases de relat\u00f3rios preliminares que culminar\u00e3o na Declara\u00e7\u00e3o Ambiental.<\/p>\n\n\n\n<p><strong>O processo de desenvolvimento<\/strong><\/p>\n\n\n\n<p>Lu\u00eds Caetano, tamb\u00e9m da equipa de consultores, apresentou a metodologia geral do PMMUS e as quatro fases que a comp\u00f5em: 1) Enquadramento e Diagn\u00f3stico; 2) Vis\u00e3o, Objetivos e Metas; 3) Programa de Medidas e A\u00e7\u00f5es, e ferramenta digital; 4) Programa de Implementa\u00e7\u00e3o, Monitoriza\u00e7\u00e3o e Avalia\u00e7\u00e3o. O plano encontra-se atualmente na primeira fase, onde decorrem iniciativas de divulga\u00e7\u00e3o, informa\u00e7\u00e3o e apresenta\u00e7\u00f5es p\u00fablicas como esta de Palmela. Mas os momentos de participa\u00e7\u00e3o p\u00fablica s\u00e3o transversais a todas as fases, atrav\u00e9s de reuni\u00f5es com os <em>stakeholders<\/em>, sess\u00f5es colaborativas, elabora\u00e7\u00e3o de inqu\u00e9ritos \u00e0 popula\u00e7\u00e3o e difus\u00e3o de informa\u00e7\u00e3o atrav\u00e9s de suportes como uma p\u00e1gina web pr\u00f3pria, as redes sociais e newsletters.<\/p>\n\n\n\n<p><strong>Como participar com regularidade?<\/strong><\/p>\n\n\n\n<p>A pergunta foi lan\u00e7ada por Faustino Gomes, em jeito de conclus\u00e3o: \u201cComo podemos interagir?\u201d A TML acautelou um conjunto de processos de informa\u00e7\u00e3o e ausculta\u00e7\u00e3o que pretendem garantir mecanismos de divulga\u00e7\u00e3o, participa\u00e7\u00e3o e acolhimento de propostas e contributos, como factos relevantes para um PMMUS mais qualificado e que simultaneamente promova a identidade com o pr\u00f3prio Plano.<\/p>\n\n\n\n<p>Nesse sentido, a chave do processo de comunica\u00e7\u00e3o est\u00e1 no site que foi lan\u00e7ado nesta sess\u00e3o p\u00fablica. Atrav\u00e9s do <a rel=\"noreferrer noopener\" href=\"https:\/\/pmmus.tmlmobilidade.pt\/inqueritos\/\" data-type=\"URL\" data-id=\"https:\/\/pmmus.tmlmobilidade.pt\/inqueritos\/\" target=\"_blank\">pmmus.tmlmobilidade.pt<\/a>, todos os interessados no tema da acessibilidade, mobilidade e transportes, podem conhecer a metodologia deste plano, os seus objetivos e metas, eventos e momentos p\u00fablicos de participa\u00e7\u00e3o, acompanhar not\u00edcias e subscrever uma newsletter que dar\u00e1 conta, de forma mais personalizada, de todas as novidades, podendo igualmente enviar coment\u00e1rios, contributos e sugest\u00f5es.<\/p>\n\n\n\n<p>No site do PMMUS, est\u00e1 igualmente dispon\u00edvel o <a href=\"https:\/\/pmmus.tmlmobilidade.pt\/inqueritos\/\" data-type=\"URL\" data-id=\"https:\/\/pmmus.tmlmobilidade.pt\/inqueritos\/\" target=\"_blank\" rel=\"noreferrer noopener\">Inqu\u00e9rito \u00e0 Mobilidade<\/a> que est\u00e1 a decorrer e que se convida \u00e0 participa\u00e7\u00e3o, respondendo ao mesmo, aumentando a informa\u00e7\u00e3o e conhecimento fundamental para o desenvolvimento, identifica\u00e7\u00e3o e defini\u00e7\u00e3o de op\u00e7\u00f5es estrat\u00e9gicas e medidas a adotar.<\/p>\n\n\n\n<p>A TML apresentou tamb\u00e9m nesta sess\u00e3o o 1.\u00ba n\u00famero da <a href=\"https:\/\/pmmus.tmlmobilidade.pt\/newsletter\/\" data-type=\"URL\" data-id=\"https:\/\/pmmus.tmlmobilidade.pt\/newsletter\/\" target=\"_blank\" rel=\"noreferrer noopener\">newsletter<\/a>, que editar\u00e1 periodicamente e permitir\u00e1 o acompanhamento, por parte de quem a subscrever (no site), dos desenvolvimentos e atualiza\u00e7\u00f5es do PMMUS.<\/p>\n\n\n\n<p><\/p>\n\n\n\n<p>Poder\u00e1 aceder \u00e0 grava\u00e7\u00e3o da sess\u00e3o <a href=\"https:\/\/youtu.be\/D9ZWX49f2po\" data-type=\"URL\" data-id=\"https:\/\/youtu.be\/D9ZWX49f2po\" target=\"_blank\" rel=\"noreferrer noopener\">aqui<\/a>. <\/p>\n","protected":false},"excerpt":{"rendered":"<p>A 7 de maio, o Audit\u00f3rio Municipal de Pinhal Novo, em Palmela, abriu as suas portas para a primeira sess\u00e3o p\u00fablica de apresenta\u00e7\u00e3o do processo de desenvolvimento e constru\u00e7\u00e3o do Plano Metropolitano de Mobilidade Urbana Sustent\u00e1vel (PMMUS). Palmela acolheu este primeiro importante passo para a participa\u00e7\u00e3o p\u00fablica no PMMUS, mas o Presidente da Transportes Metropolitanos<a class=\"excerpt-read-more\" href=\"https:\/\/www.tmlmobilidade.pt\/en\/comunicacao\/noticias\/plano-metropolitano-de-mobilidade-urbana-sustentavel-apresentou-se-ao-publico\/\" title=\"ReadPlano Metropolitano de Mobilidade Urbana Sustent\u00e1vel apresentou-se ao p\u00fablico\">&#8230; Read more &raquo;<\/a><\/p>\n","protected":false},"author":3,"featured_media":0,"comment_status":"closed","ping_status":"closed","sticky":false,"template":"","format":"standard","meta":[],"categories":[47],"tags":[],"acf":[],"_links":{"self":[{"href":"https:\/\/www.tmlmobilidade.pt\/en\/wp-json\/wp\/v2\/posts\/5031"}],"collection":[{"href":"https:\/\/www.tmlmobilidade.pt\/en\/wp-json\/wp\/v2\/posts"}],"about":[{"href":"https:\/\/www.tmlmobilidade.pt\/en\/wp-json\/wp\/v2\/types\/post"}],"author":[{"embeddable":true,"href":"https:\/\/www.tmlmobilidade.pt\/en\/wp-json\/wp\/v2\/users\/3"}],"replies":[{"embeddable":true,"href":"https:\/\/www.tmlmobilidade.pt\/en\/wp-json\/wp\/v2\/comments?post=5031"}],"version-history":[{"count":4,"href":"https:\/\/www.tmlmobilidade.pt\/en\/wp-json\/wp\/v2\/posts\/5031\/revisions"}],"predecessor-version":[{"id":5038,"href":"https:\/\/www.tmlmobilidade.pt\/en\/wp-json\/wp\/v2\/posts\/5031\/revisions\/5038"}],"wp:attachment":[{"href":"https:\/\/www.tmlmobilidade.pt\/en\/wp-json\/wp\/v2\/media?parent=5031"}],"wp:term":[{"taxonomy":"category","embeddable":true,"href":"https:\/\/www.tmlmobilidade.pt\/en\/wp-json\/wp\/v2\/categories?post=5031"},{"taxonomy":"post_tag","embeddable":true,"href":"https:\/\/www.tmlmobilidade.pt\/en\/wp-json\/wp\/v2\/tags?post=5031"}],"curies":[{"name":"wp","href":"https:\/\/api.w.org\/{rel}","templated":true}]}}