{"id":4986,"date":"2024-05-01T23:27:45","date_gmt":"2024-05-01T23:27:45","guid":{"rendered":"https:\/\/www.tmlmobilidade.pt\/?p=4986"},"modified":"2024-05-01T23:27:46","modified_gmt":"2024-05-01T23:27:46","slug":"alteracao-das-condicoes-de-emissao-e-utilizacao-do-cartao-navegante","status":"publish","type":"post","link":"https:\/\/www.tmlmobilidade.pt\/en\/comunicacao\/noticias\/alteracao-das-condicoes-de-emissao-e-utilizacao-do-cartao-navegante\/","title":{"rendered":"Altera\u00e7\u00e3o das Condi\u00e7\u00f5es de Emiss\u00e3o e Utiliza\u00e7\u00e3o do cart\u00e3o navegante\u00ae"},"content":{"rendered":"\n<p>As Condi\u00e7\u00f5es Gerais de Utiliza\u00e7\u00e3o do cart\u00e3o navegante sofreram uma revis\u00e3o.<\/p>\n\n\n\n<p>Consulte as novas&nbsp;<a href=\"https:\/\/www.tmlmobilidade.pt\/wp-content\/uploads\/2024\/04\/CondicoesGerais_A4_maio_2024-1.pdf\" target=\"_blank\" rel=\"noreferrer noopener\">Condi\u00e7\u00f5es Gerais<\/a>&nbsp;em qualquer Espa\u00e7o navegante\u00ae Carris Metropolitana ou Espa\u00e7o\/Loja\/Gabinete de apoio ao passageiro dos diferentes Operadores de Transporte.<\/p>\n","protected":false},"excerpt":{"rendered":"<p>As Condi\u00e7\u00f5es Gerais de Utiliza\u00e7\u00e3o do cart\u00e3o navegante sofreram uma revis\u00e3o. Consulte as novas&nbsp;Condi\u00e7\u00f5es Gerais&nbsp;em qualquer Espa\u00e7o navegante\u00ae Carris Metropolitana ou Espa\u00e7o\/Loja\/Gabinete de apoio ao passageiro dos diferentes Operadores de Transporte.<\/p>\n","protected":false},"author":3,"featured_media":0,"comment_status":"closed","ping_status":"closed","sticky":false,"template":"","format":"standard","meta":[],"categories":[47],"tags":[],"acf":[],"_links":{"self":[{"href":"https:\/\/www.tmlmobilidade.pt\/en\/wp-json\/wp\/v2\/posts\/4986"}],"collection":[{"href":"https:\/\/www.tmlmobilidade.pt\/en\/wp-json\/wp\/v2\/posts"}],"about":[{"href":"https:\/\/www.tmlmobilidade.pt\/en\/wp-json\/wp\/v2\/types\/post"}],"author":[{"embeddable":true,"href":"https:\/\/www.tmlmobilidade.pt\/en\/wp-json\/wp\/v2\/users\/3"}],"replies":[{"embeddable":true,"href":"https:\/\/www.tmlmobilidade.pt\/en\/wp-json\/wp\/v2\/comments?post=4986"}],"version-history":[{"count":2,"href":"https:\/\/www.tmlmobilidade.pt\/en\/wp-json\/wp\/v2\/posts\/4986\/revisions"}],"predecessor-version":[{"id":4991,"href":"https:\/\/www.tmlmobilidade.pt\/en\/wp-json\/wp\/v2\/posts\/4986\/revisions\/4991"}],"wp:attachment":[{"href":"https:\/\/www.tmlmobilidade.pt\/en\/wp-json\/wp\/v2\/media?parent=4986"}],"wp:term":[{"taxonomy":"category","embeddable":true,"href":"https:\/\/www.tmlmobilidade.pt\/en\/wp-json\/wp\/v2\/categories?post=4986"},{"taxonomy":"post_tag","embeddable":true,"href":"https:\/\/www.tmlmobilidade.pt\/en\/wp-json\/wp\/v2\/tags?post=4986"}],"curies":[{"name":"wp","href":"https:\/\/api.w.org\/{rel}","templated":true}]}}