{"id":4979,"date":"2024-04-26T11:53:05","date_gmt":"2024-04-26T11:53:05","guid":{"rendered":"https:\/\/www.tmlmobilidade.pt\/?p=4979"},"modified":"2024-04-26T11:53:06","modified_gmt":"2024-04-26T11:53:06","slug":"primeira-sessao-publica-de-apresentacao-do-processo-de-desenvolvimento-do-pmmus-esta-marcada-%ef%bf%bc","status":"publish","type":"post","link":"https:\/\/www.tmlmobilidade.pt\/en\/comunicacao\/noticias\/primeira-sessao-publica-de-apresentacao-do-processo-de-desenvolvimento-do-pmmus-esta-marcada-%ef%bf%bc\/","title":{"rendered":"Primeira sess\u00e3o p\u00fablica de apresenta\u00e7\u00e3o do processo de desenvolvimento do PMMUS est\u00e1 marcada"},"content":{"rendered":"\n<p>No pr\u00f3ximo dia 7 de maio, a Transportes Metropolitanos de Lisboa (TML) e a \u00c1rea Metropolitana de Lisboa (AML) realizam a primeira sess\u00e3o de apresenta\u00e7\u00e3o p\u00fablica do processo de desenvolvimento do Plano Metropolitano de Mobilidade Urbana Sustent\u00e1vel (PMMUS), da \u00e1rea metropolitana de Lisboa, que incluir\u00e1 uma Avalia\u00e7\u00e3o Ambiental Estrat\u00e9gica. Com in\u00edcio \u00e0s 10 horas, a sess\u00e3o decorre no Audit\u00f3rio Municipal Rui Guerreiro, no Pinhal Novo, em Palmela.<\/p>\n\n\n\n<p><\/p>\n\n\n\n<p><strong>O que trar\u00e1 esta primeira sess\u00e3o p\u00fablica?<\/strong><\/p>\n\n\n\n<p>Neste primeiro momento de abertura do projeto \u00e0 popula\u00e7\u00e3o, est\u00e1 prevista a apresenta\u00e7\u00e3o dos objetivos e metodologia de desenvolvimento do plano, assim como a divulga\u00e7\u00e3o de informa\u00e7\u00e3o sobre os diferentes momentos de interven\u00e7\u00e3o que ir\u00e3o decorrer ao longo de todo o PMMUS e da Avalia\u00e7\u00e3o Ambiental Estrat\u00e9gica a desenvolver.<\/p>\n\n\n\n<p><\/p>\n\n\n\n<p>As mudan\u00e7as registadas nos \u00faltimos anos, com altera\u00e7\u00f5es de comportamentos, h\u00e1bitos e formas de organiza\u00e7\u00e3o da sociedade \u2013 teletrabalho, com\u00e9rcio eletr\u00f3nico, solu\u00e7\u00f5es de mobilidade partilhada, entre outras \u2013 e, ao n\u00edvel dos transportes com a implementa\u00e7\u00e3o do passe navegante\u00ae e do novo servi\u00e7o de transporte da Carris Metropolitana, obrigam-nos a todos a inovar e a adotar novas medidas que v\u00e3o ao encontro das necessidades das pessoas, da sua qualidade de vida e dinamizem o territ\u00f3rio onde habitam, aumentando a sua competitividade.<\/p>\n\n\n\n<p><\/p>\n\n\n\n<p>O Plano Metropolitano de Mobilidade Urbana Sustent\u00e1vel (PMMUS) \u00e9 um exerc\u00edcio de planeamento para uma mobilidade metropolitana alinhada com as necessidades da popula\u00e7\u00e3o. Desenvolvido e orientado pela Transportes Metropolitanos de Lisboa (TML), em articula\u00e7\u00e3o com a \u00c1rea Metropolitana de Lisboa (AML) e com os Munic\u00edpios, este projeto, com um investimento aproximado de 390 mil euros e prazo de execu\u00e7\u00e3o de 20 meses, tem por objetivo identificar necessidades e propor medidas e a\u00e7\u00f5es para melhorar a mobilidade dos cidad\u00e3os e transporte de mercadorias em contexto metropolitano e dos seus 18 munic\u00edpios.<\/p>\n\n\n\n<p><\/p>\n\n\n\n<p>Iniciado em dezembro de 2023, e com reuni\u00e3o e sess\u00f5es participativas j\u00e1 realizadas nos concelhos da Amadora, Barreiro e Cascais, o PMMUS <strong>promove agora em Palmela a primeira sess\u00e3o p\u00fablica aberta<\/strong>. Dirigida aos \u00f3rg\u00e3os de comunica\u00e7\u00e3o social, entidades, associa\u00e7\u00f5es e demais parceiros, e a toda a popula\u00e7\u00e3o, a sess\u00e3o servir\u00e1 para apresentar os objetivos, metodologia, etapas e instrumentos de informa\u00e7\u00e3o e participa\u00e7\u00e3o dos interessados neste importante e complexo exerc\u00edcio de mobilidade.<\/p>\n\n\n\n<p><\/p>\n\n\n\n<p>Considerando que as componentes de informa\u00e7\u00e3o ao p\u00fablico e participa\u00e7\u00e3o s\u00e3o essenciais \u00e0 boa concretiza\u00e7\u00e3o deste projeto \u2013 feito com e para as pessoas \u2013, que promover\u00e1 a constru\u00e7\u00e3o de uma mobilidade mais sustent\u00e1vel, a TML e a AML apelam \u00e0 participa\u00e7\u00e3o e divulga\u00e7\u00e3o desta sess\u00e3o. Para participar nesta sess\u00e3o os interessados dever\u00e3o inscrever-se <a href=\"https:\/\/docs.google.com\/forms\/d\/e\/1FAIpQLSd_sm43i_SovUkJqz9AnXTLNtrqQe-YneIawV5LH2owK0buNw\/viewform\">aqui<\/a>.<\/p>\n\n\n\n<p><\/p>\n","protected":false},"excerpt":{"rendered":"<p>No pr\u00f3ximo dia 7 de maio, a Transportes Metropolitanos de Lisboa (TML) e a \u00c1rea Metropolitana de Lisboa (AML) realizam a primeira sess\u00e3o de apresenta\u00e7\u00e3o p\u00fablica do processo de desenvolvimento do Plano Metropolitano de Mobilidade Urbana Sustent\u00e1vel (PMMUS), da \u00e1rea metropolitana de Lisboa, que incluir\u00e1 uma Avalia\u00e7\u00e3o Ambiental Estrat\u00e9gica. Com in\u00edcio \u00e0s 10 horas, a<a class=\"excerpt-read-more\" href=\"https:\/\/www.tmlmobilidade.pt\/en\/comunicacao\/noticias\/primeira-sessao-publica-de-apresentacao-do-processo-de-desenvolvimento-do-pmmus-esta-marcada-%ef%bf%bc\/\" title=\"ReadPrimeira sess\u00e3o p\u00fablica de apresenta\u00e7\u00e3o do processo de desenvolvimento do PMMUS est\u00e1 marcada\">&#8230; Read more &raquo;<\/a><\/p>\n","protected":false},"author":3,"featured_media":0,"comment_status":"closed","ping_status":"closed","sticky":false,"template":"","format":"standard","meta":[],"categories":[47],"tags":[],"acf":[],"_links":{"self":[{"href":"https:\/\/www.tmlmobilidade.pt\/en\/wp-json\/wp\/v2\/posts\/4979"}],"collection":[{"href":"https:\/\/www.tmlmobilidade.pt\/en\/wp-json\/wp\/v2\/posts"}],"about":[{"href":"https:\/\/www.tmlmobilidade.pt\/en\/wp-json\/wp\/v2\/types\/post"}],"author":[{"embeddable":true,"href":"https:\/\/www.tmlmobilidade.pt\/en\/wp-json\/wp\/v2\/users\/3"}],"replies":[{"embeddable":true,"href":"https:\/\/www.tmlmobilidade.pt\/en\/wp-json\/wp\/v2\/comments?post=4979"}],"version-history":[{"count":2,"href":"https:\/\/www.tmlmobilidade.pt\/en\/wp-json\/wp\/v2\/posts\/4979\/revisions"}],"predecessor-version":[{"id":4984,"href":"https:\/\/www.tmlmobilidade.pt\/en\/wp-json\/wp\/v2\/posts\/4979\/revisions\/4984"}],"wp:attachment":[{"href":"https:\/\/www.tmlmobilidade.pt\/en\/wp-json\/wp\/v2\/media?parent=4979"}],"wp:term":[{"taxonomy":"category","embeddable":true,"href":"https:\/\/www.tmlmobilidade.pt\/en\/wp-json\/wp\/v2\/categories?post=4979"},{"taxonomy":"post_tag","embeddable":true,"href":"https:\/\/www.tmlmobilidade.pt\/en\/wp-json\/wp\/v2\/tags?post=4979"}],"curies":[{"name":"wp","href":"https:\/\/api.w.org\/{rel}","templated":true}]}}