{"id":464,"date":"2021-12-22T10:51:28","date_gmt":"2021-12-22T10:51:28","guid":{"rendered":"http:\/\/localhost:8888\/?p=464"},"modified":"2023-11-06T10:58:26","modified_gmt":"2023-11-06T10:58:26","slug":"emta","status":"publish","type":"post","link":"https:\/\/www.tmlmobilidade.pt\/en\/sobre-a-tml\/a-tml-noutras-entidades\/emta\/","title":{"rendered":"EMTA"},"content":{"rendered":"\n<p>A <a href=\"https:\/\/www.emta.com\/\" target=\"_blank\" rel=\"noreferrer noopener\">EMTA &#8211; European Metropolitan Transport Authorities<\/a>, associa\u00e7\u00e3o criada em 1998, \u00e9 uma organiza\u00e7\u00e3o que pretende a partilha de informa\u00e7\u00e3o, experi\u00eancia e boas pr\u00e1ticas em diversos campos: planeamento, integra\u00e7\u00e3o e financiamento dos servi\u00e7os de transporte p\u00fablico nas grandes cidades europeias e nas suas \u00e1reas metropolitanas.<\/p>\n","protected":false},"excerpt":{"rendered":"<p>A EMTA &#8211; European Metropolitan Transport Authorities, associa\u00e7\u00e3o criada em 1998, \u00e9 uma organiza\u00e7\u00e3o que pretende a partilha de informa\u00e7\u00e3o, experi\u00eancia e boas pr\u00e1ticas em diversos campos: planeamento, integra\u00e7\u00e3o e financiamento dos servi\u00e7os de transporte p\u00fablico nas grandes cidades europeias e nas suas \u00e1reas metropolitanas.<\/p>\n","protected":false},"author":1,"featured_media":0,"comment_status":"open","ping_status":"open","sticky":false,"template":"","format":"standard","meta":[],"categories":[72],"tags":[],"acf":[],"_links":{"self":[{"href":"https:\/\/www.tmlmobilidade.pt\/en\/wp-json\/wp\/v2\/posts\/464"}],"collection":[{"href":"https:\/\/www.tmlmobilidade.pt\/en\/wp-json\/wp\/v2\/posts"}],"about":[{"href":"https:\/\/www.tmlmobilidade.pt\/en\/wp-json\/wp\/v2\/types\/post"}],"author":[{"embeddable":true,"href":"https:\/\/www.tmlmobilidade.pt\/en\/wp-json\/wp\/v2\/users\/1"}],"replies":[{"embeddable":true,"href":"https:\/\/www.tmlmobilidade.pt\/en\/wp-json\/wp\/v2\/comments?post=464"}],"version-history":[{"count":14,"href":"https:\/\/www.tmlmobilidade.pt\/en\/wp-json\/wp\/v2\/posts\/464\/revisions"}],"predecessor-version":[{"id":4582,"href":"https:\/\/www.tmlmobilidade.pt\/en\/wp-json\/wp\/v2\/posts\/464\/revisions\/4582"}],"wp:attachment":[{"href":"https:\/\/www.tmlmobilidade.pt\/en\/wp-json\/wp\/v2\/media?parent=464"}],"wp:term":[{"taxonomy":"category","embeddable":true,"href":"https:\/\/www.tmlmobilidade.pt\/en\/wp-json\/wp\/v2\/categories?post=464"},{"taxonomy":"post_tag","embeddable":true,"href":"https:\/\/www.tmlmobilidade.pt\/en\/wp-json\/wp\/v2\/tags?post=464"}],"curies":[{"name":"wp","href":"https:\/\/api.w.org\/{rel}","templated":true}]}}