{"id":4631,"date":"2023-12-06T10:22:24","date_gmt":"2023-12-06T10:22:24","guid":{"rendered":"https:\/\/www.tmlmobilidade.pt\/?p=4631"},"modified":"2023-12-07T15:57:02","modified_gmt":"2023-12-07T15:57:02","slug":"a-tml-transportes-metropolitanos-de-lisboa-esta-presente-na-cop28-uae","status":"publish","type":"post","link":"https:\/\/www.tmlmobilidade.pt\/en\/0\/a-tml-transportes-metropolitanos-de-lisboa-esta-presente-na-cop28-uae\/","title":{"rendered":"A\u00a0TML &#8211; Transportes Metropolitanos de Lisboa\u00a0est\u00e1 presente na COP28 UAE!"},"content":{"rendered":"\n<p>A convite do&nbsp;<a href=\"https:\/\/www.imt-ip.pt\/sites\/IMTT\/Portugues\/Paginas\/IMTHome.aspx\" data-type=\"URL\" data-id=\"https:\/\/www.imt-ip.pt\/sites\/IMTT\/Portugues\/Paginas\/IMTHome.aspx\">Instituto da Mobilidade e dos Transportes (IMT),<\/a> a TML marcou presen\u00e7a no Pavilh\u00e3o de Portugal da COP28 UAE, no Dubai, numa mesa redonda destinada \u00e0 reflex\u00e3o do tema &nbsp;\u275e\ud835\udde7\ud835\uddff\ud835\uddee\ud835\uddfb\ud835\ude00\ud835\uddfd\ud835\uddfc\ud835\uddff\ud835\ude01\ud835\uddf2\ud835\ude00 \ud835\udde3\ud835\ude02\u0301\ud835\uddef\ud835\uddf9\ud835\uddf6\ud835\uddf0\ud835\uddfc\ud835\ude00: \ud835\udde3\ud835\uddfc\ud835\uddff\ud835\ude01\ud835\ude02\ud835\uddf4\ud835\uddee\ud835\uddf9 \ud835\udde5\ud835\ude02\ud835\uddfa\ud835\uddfc \ud835\uddee\u0300 \ud835\udde1\ud835\uddf2\ud835\ude02\ud835\ude01\ud835\uddff\ud835\uddee\ud835\uddf9\ud835\uddf6\ud835\uddf1\ud835\uddee\ud835\uddf1\ud835\uddf2 \ud835\uddd6\ud835\uddee\ud835\uddff\ud835\uddef\ud835\uddfc\u0301\ud835\uddfb\ud835\uddf6\ud835\uddf0\ud835\uddee\u275e, uma aposta do IMT num painel centrado nas pol\u00edticas p\u00fablicas com foco num futuro com uma mobilidade mais sustent\u00e1vel.<\/p>\n\n\n\n<p>Com o mote \u201cPublic Transport: Steering Portugal Towards Carbon Neutrality\u201d, o Presidente da TML, Faustino Gomes, juntou-se ao debate moderado pelo Presidente do IMT, Jo\u00e3o Jesus Caetano, que contou com a participa\u00e7\u00e3o do Secret\u00e1rio de Estado da Mobilidade Urbana, Jorge Delgado, o Secret\u00e1rio-Geral do ITF,&nbsp;Young Tae KIM, o Administrador dos TIP,&nbsp;Manuel Paulo Teixeira&nbsp;e a Coordenadora do Grupo de Projeto da Mobilidade Ativa, Sofia Pires Bento.<br><\/p>\n\n\n\n<p><\/p>\n\n\n\n<figure class=\"wp-block-image size-large\"><img loading=\"lazy\" width=\"987\" height=\"1024\" src=\"https:\/\/www.tmlmobilidade.pt\/wp-content\/uploads\/2023\/12\/mosaico_COP-1-987x1024.png\" alt=\"\" class=\"wp-image-4642\" srcset=\"https:\/\/www.tmlmobilidade.pt\/wp-content\/uploads\/2023\/12\/mosaico_COP-1-987x1024.png 987w, https:\/\/www.tmlmobilidade.pt\/wp-content\/uploads\/2023\/12\/mosaico_COP-1-289x300.png 289w, https:\/\/www.tmlmobilidade.pt\/wp-content\/uploads\/2023\/12\/mosaico_COP-1-768x796.png 768w, https:\/\/www.tmlmobilidade.pt\/wp-content\/uploads\/2023\/12\/mosaico_COP-1.png 1000w\" sizes=\"(max-width: 987px) 100vw, 987px\" \/><\/figure>\n","protected":false},"excerpt":{"rendered":"<p>A convite do&nbsp;Instituto da Mobilidade e dos Transportes (IMT), a TML marcou presen\u00e7a no Pavilh\u00e3o de Portugal da COP28 UAE, no Dubai, numa mesa redonda destinada \u00e0 reflex\u00e3o do tema &nbsp;\u275e\ud835\udde7\ud835\uddff\ud835\uddee\ud835\uddfb\ud835\ude00\ud835\uddfd\ud835\uddfc\ud835\uddff\ud835\ude01\ud835\uddf2\ud835\ude00 \ud835\udde3\ud835\ude02\u0301\ud835\uddef\ud835\uddf9\ud835\uddf6\ud835\uddf0\ud835\uddfc\ud835\ude00: \ud835\udde3\ud835\uddfc\ud835\uddff\ud835\ude01\ud835\ude02\ud835\uddf4\ud835\uddee\ud835\uddf9 \ud835\udde5\ud835\ude02\ud835\uddfa\ud835\uddfc \ud835\uddee\u0300 \ud835\udde1\ud835\uddf2\ud835\ude02\ud835\ude01\ud835\uddff\ud835\uddee\ud835\uddf9\ud835\uddf6\ud835\uddf1\ud835\uddee\ud835\uddf1\ud835\uddf2 \ud835\uddd6\ud835\uddee\ud835\uddff\ud835\uddef\ud835\uddfc\u0301\ud835\uddfb\ud835\uddf6\ud835\uddf0\ud835\uddee\u275e, uma aposta do IMT num painel centrado nas pol\u00edticas p\u00fablicas com foco num futuro com uma mobilidade mais<a class=\"excerpt-read-more\" href=\"https:\/\/www.tmlmobilidade.pt\/en\/0\/a-tml-transportes-metropolitanos-de-lisboa-esta-presente-na-cop28-uae\/\" title=\"ReadA\u00a0TML &#8211; Transportes Metropolitanos de Lisboa\u00a0est\u00e1 presente na COP28 UAE!\">&#8230; Read more &raquo;<\/a><\/p>\n","protected":false},"author":2,"featured_media":0,"comment_status":"closed","ping_status":"closed","sticky":false,"template":"","format":"standard","meta":[],"categories":[47,7],"tags":[],"acf":[],"_links":{"self":[{"href":"https:\/\/www.tmlmobilidade.pt\/en\/wp-json\/wp\/v2\/posts\/4631"}],"collection":[{"href":"https:\/\/www.tmlmobilidade.pt\/en\/wp-json\/wp\/v2\/posts"}],"about":[{"href":"https:\/\/www.tmlmobilidade.pt\/en\/wp-json\/wp\/v2\/types\/post"}],"author":[{"embeddable":true,"href":"https:\/\/www.tmlmobilidade.pt\/en\/wp-json\/wp\/v2\/users\/2"}],"replies":[{"embeddable":true,"href":"https:\/\/www.tmlmobilidade.pt\/en\/wp-json\/wp\/v2\/comments?post=4631"}],"version-history":[{"count":13,"href":"https:\/\/www.tmlmobilidade.pt\/en\/wp-json\/wp\/v2\/posts\/4631\/revisions"}],"predecessor-version":[{"id":4650,"href":"https:\/\/www.tmlmobilidade.pt\/en\/wp-json\/wp\/v2\/posts\/4631\/revisions\/4650"}],"wp:attachment":[{"href":"https:\/\/www.tmlmobilidade.pt\/en\/wp-json\/wp\/v2\/media?parent=4631"}],"wp:term":[{"taxonomy":"category","embeddable":true,"href":"https:\/\/www.tmlmobilidade.pt\/en\/wp-json\/wp\/v2\/categories?post=4631"},{"taxonomy":"post_tag","embeddable":true,"href":"https:\/\/www.tmlmobilidade.pt\/en\/wp-json\/wp\/v2\/tags?post=4631"}],"curies":[{"name":"wp","href":"https:\/\/api.w.org\/{rel}","templated":true}]}}