{"id":462,"date":"2021-12-22T10:51:17","date_gmt":"2021-12-22T10:51:17","guid":{"rendered":"http:\/\/localhost:8888\/?p=462"},"modified":"2022-02-24T16:03:13","modified_gmt":"2022-02-24T16:03:13","slug":"uitp","status":"publish","type":"post","link":"https:\/\/www.tmlmobilidade.pt\/en\/sobre-a-tml\/a-tml-noutras-entidades\/uitp\/","title":{"rendered":"UITP"},"content":{"rendered":"\n<p>A <a href=\"https:\/\/www.uitp.org\/\" target=\"_blank\" rel=\"noreferrer noopener\">UITP<\/a> \u00e9 uma organiza\u00e7\u00e3o sem fins lucrativos para autoridades de transportes p\u00fablicos e operadores, institutos cient\u00edficos, provedores de transporte p\u00fablico e industria de servi\u00e7os.<\/p>\n\n\n\n<p>Advogam uma mobilidade urbana sustent\u00e1vel e desenvolvida do transporte p\u00fablico. Representa uma rede internacional localizada em mais de 100 paises e com 1800 empresas associadas.<\/p>\n","protected":false},"excerpt":{"rendered":"<p>A UITP \u00e9 uma organiza\u00e7\u00e3o sem fins lucrativos para autoridades de transportes p\u00fablicos e operadores, institutos cient\u00edficos, provedores de transporte p\u00fablico e industria de servi\u00e7os. Advogam uma mobilidade urbana sustent\u00e1vel e desenvolvida do transporte p\u00fablico. Representa uma rede internacional localizada em mais de 100 paises e com 1800 empresas associadas.<\/p>\n","protected":false},"author":1,"featured_media":0,"comment_status":"open","ping_status":"open","sticky":false,"template":"","format":"standard","meta":[],"categories":[72],"tags":[],"acf":[],"_links":{"self":[{"href":"https:\/\/www.tmlmobilidade.pt\/en\/wp-json\/wp\/v2\/posts\/462"}],"collection":[{"href":"https:\/\/www.tmlmobilidade.pt\/en\/wp-json\/wp\/v2\/posts"}],"about":[{"href":"https:\/\/www.tmlmobilidade.pt\/en\/wp-json\/wp\/v2\/types\/post"}],"author":[{"embeddable":true,"href":"https:\/\/www.tmlmobilidade.pt\/en\/wp-json\/wp\/v2\/users\/1"}],"replies":[{"embeddable":true,"href":"https:\/\/www.tmlmobilidade.pt\/en\/wp-json\/wp\/v2\/comments?post=462"}],"version-history":[{"count":7,"href":"https:\/\/www.tmlmobilidade.pt\/en\/wp-json\/wp\/v2\/posts\/462\/revisions"}],"predecessor-version":[{"id":2433,"href":"https:\/\/www.tmlmobilidade.pt\/en\/wp-json\/wp\/v2\/posts\/462\/revisions\/2433"}],"wp:attachment":[{"href":"https:\/\/www.tmlmobilidade.pt\/en\/wp-json\/wp\/v2\/media?parent=462"}],"wp:term":[{"taxonomy":"category","embeddable":true,"href":"https:\/\/www.tmlmobilidade.pt\/en\/wp-json\/wp\/v2\/categories?post=462"},{"taxonomy":"post_tag","embeddable":true,"href":"https:\/\/www.tmlmobilidade.pt\/en\/wp-json\/wp\/v2\/tags?post=462"}],"curies":[{"name":"wp","href":"https:\/\/api.w.org\/{rel}","templated":true}]}}