{"id":4613,"date":"2023-11-21T11:25:18","date_gmt":"2023-11-21T11:25:18","guid":{"rendered":"https:\/\/www.tmlmobilidade.pt\/?p=4613"},"modified":"2026-01-14T11:17:15","modified_gmt":"2026-01-14T11:17:15","slug":"recrutamento-na-tml","status":"publish","type":"post","link":"https:\/\/www.tmlmobilidade.pt\/en\/sobre-a-tml\/recrutamento-na-tml\/recrutamento-na-tml\/","title":{"rendered":"Recrutamento na TML"},"content":{"rendered":"\n<p><strong>Neste momento, n\u00e3o temos ofertas de trabalho dispon\u00edveis.<\/strong><\/p>\n\n\n\n<p><\/p>\n\n\n\n<p><\/p>\n\n\n\n<p><br>Poder\u00e1 consultar <a rel=\"noreferrer noopener\" href=\"https:\/\/www.tmlmobilidade.pt\/0\/politica-de-privacidade-recrutamento-da-tml\/\" target=\"_blank\">aqui<\/a> a nossa pol\u00edtica de privacidade no que diz respeito ao recrutamento.<br><\/p>\n\n\n\n<p><\/p>\n","protected":false},"excerpt":{"rendered":"<p>Neste momento, n\u00e3o temos ofertas de trabalho dispon\u00edveis. Poder\u00e1 consultar aqui a nossa pol\u00edtica de privacidade no que diz respeito ao recrutamento.<\/p>\n","protected":false},"author":3,"featured_media":0,"comment_status":"closed","ping_status":"closed","sticky":false,"template":"","format":"standard","meta":[],"categories":[111],"tags":[],"acf":[],"_links":{"self":[{"href":"https:\/\/www.tmlmobilidade.pt\/en\/wp-json\/wp\/v2\/posts\/4613"}],"collection":[{"href":"https:\/\/www.tmlmobilidade.pt\/en\/wp-json\/wp\/v2\/posts"}],"about":[{"href":"https:\/\/www.tmlmobilidade.pt\/en\/wp-json\/wp\/v2\/types\/post"}],"author":[{"embeddable":true,"href":"https:\/\/www.tmlmobilidade.pt\/en\/wp-json\/wp\/v2\/users\/3"}],"replies":[{"embeddable":true,"href":"https:\/\/www.tmlmobilidade.pt\/en\/wp-json\/wp\/v2\/comments?post=4613"}],"version-history":[{"count":20,"href":"https:\/\/www.tmlmobilidade.pt\/en\/wp-json\/wp\/v2\/posts\/4613\/revisions"}],"predecessor-version":[{"id":6564,"href":"https:\/\/www.tmlmobilidade.pt\/en\/wp-json\/wp\/v2\/posts\/4613\/revisions\/6564"}],"wp:attachment":[{"href":"https:\/\/www.tmlmobilidade.pt\/en\/wp-json\/wp\/v2\/media?parent=4613"}],"wp:term":[{"taxonomy":"category","embeddable":true,"href":"https:\/\/www.tmlmobilidade.pt\/en\/wp-json\/wp\/v2\/categories?post=4613"},{"taxonomy":"post_tag","embeddable":true,"href":"https:\/\/www.tmlmobilidade.pt\/en\/wp-json\/wp\/v2\/tags?post=4613"}],"curies":[{"name":"wp","href":"https:\/\/api.w.org\/{rel}","templated":true}]}}