{"id":4493,"date":"2023-10-10T11:23:23","date_gmt":"2023-10-10T11:23:23","guid":{"rendered":"https:\/\/www.tmlmobilidade.pt\/?p=4493"},"modified":"2023-10-10T11:23:44","modified_gmt":"2023-10-10T11:23:44","slug":"tml-apresenta-novas-propostas-de-mobilidade-no-portugal-smart-cities-summit-2023","status":"publish","type":"post","link":"https:\/\/www.tmlmobilidade.pt\/en\/comunicacao\/noticias\/tml-apresenta-novas-propostas-de-mobilidade-no-portugal-smart-cities-summit-2023\/","title":{"rendered":"TML apresenta novas propostas de mobilidade no Portugal Smart Cities Summit 2023"},"content":{"rendered":"\n<p>Sin\u00f3nimo e regulador da mobilidade urbana na \u00e1rea metropolitana de Lisboa (amL), a Transportes Metropolitanos de Lisboa (TML) participa, entre 10 e 12 de outubro, no <a href=\"https:\/\/portugalsmartcities.fil.pt\/\" data-type=\"URL\" data-id=\"https:\/\/portugalsmartcities.fil.pt\/\" target=\"_blank\" rel=\"noreferrer noopener\">Portugal Smart Cities Summit<\/a>, na FIL \u2013 Feira Internacional de Lisboa, no Parque das Na\u00e7\u00f5es, com novidades tanto no universo navegante como na opera\u00e7\u00e3o rodovi\u00e1ria da Carris Metropolitana.<\/p>\n\n\n\n<p>Lado a lado com autarquias, outras entidades p\u00fablicas e privadas nacionais e internacionais, assim como institui\u00e7\u00f5es de Ensino Superior e Secund\u00e1rio, Ensino Acad\u00e9mico e Cient\u00edfico, a TML envolve-se no evento que, de ano para ano, tem debatido e implementado as estrat\u00e9gias mais sustent\u00e1veis para melhorar o dia a dia dos largos milhares de pessoas que vivem em grandes e m\u00e9dias metr\u00f3poles. &nbsp;<\/p>\n\n\n\n<p>Fomentar a mobilidade urbana sustent\u00e1vel atrav\u00e9s do uso de transportes p\u00fablicos em detrimento do carro, apresentando um conjunto de solu\u00e7\u00f5es que promovam a qualidade, cobertura e a fiabilidade dos mesmos, s\u00e3o temas em destaque no stand e nas palestras da TML&nbsp;&nbsp;&nbsp;<br><br><\/p>\n\n\n\n<h2 id=\"autocarros-eletricos-e-paineis-de-informacao-ao-publico\">Autocarros el\u00e9tricos e pain\u00e9is de informa\u00e7\u00e3o ao p\u00fablico<\/h2>\n\n\n\n<p>Com menor impacto ambiental e representando j\u00e1 5% da frota, a aposta nos autocarros el\u00e9tricos ZhongTong vai estar em grande destaque no stand da Carris Metropolitana, entre 10 e 12 de outubro.<\/p>\n\n\n\n<p>A par da descarboniza\u00e7\u00e3o da frota, a marca que gere toda a circula\u00e7\u00e3o p\u00fablica rodovi\u00e1ria da amL tamb\u00e9m apresentar\u00e1 os novos, e ambientalmente eficientes, Pain\u00e9is de Informa\u00e7\u00e3o ao P\u00fablico (PIP), estando ainda prevista a participa\u00e7\u00e3o em palestras informativas, no dia 11 de outubro, entre as 15h15 e as 16h.<\/p>\n\n\n\n<h2>&nbsp;<\/h2>\n\n\n\n<h2 id=\"tml-compromisso-com-a-mobilidade-sustentavel\">TML \u2013 compromisso com a mobilidade sustent\u00e1vel<\/h2>\n\n\n\n<p>Sin\u00f3nimo de comprometimento com o futuro, a participa\u00e7\u00e3o da TML no Portugal Smart Cities Summit pretende dar visibilidade \u00e0s boas pr\u00e1ticas no que respeita ao desenvolvimento de solu\u00e7\u00f5es de mobilidade cada vez mais sustent\u00e1veis na amL.<\/p>\n\n\n\n<p>A par das imposi\u00e7\u00f5es europeias que visam a ado\u00e7\u00e3o de comportamentos que contribuam para a urgente descarboniza\u00e7\u00e3o do continente, o trabalho desenvolvido pela TML \u00e9 mais um passo em frente, rumo ao ideal das cidades inteligentes.<\/p>\n\n\n\n<p>Nesta \u201coportunidade&nbsp;para refletir sobre o futuro da organiza\u00e7\u00e3o das cidades de todo o&nbsp;mundo\u201d, efici\u00eancia,&nbsp;mobilidade, o uso mais correto das plataformas digitais e&nbsp;as op\u00e7\u00f5es sustent\u00e1veis justificam a presen\u00e7a da TML no evento da Funda\u00e7\u00e3o AIP.<\/p>\n\n\n\n<p><\/p>\n\n\n\n<p><br><\/p>\n\n\n\n<h2 id=\"navegante-empresas-agir-em-modo-navegante\">navegante empresas \u2013 agir em modo navegante<\/h2>\n\n\n\n<p>Com todos os pormenores a ser divulgados durante o seu lan\u00e7amento \u00e0s 17h do dia 10 de outubro, o <strong>navegante empresas<\/strong> pretende revolucionar a mobilidade urbana da amL, convocando a iniciativa privada a dar um passo na defesa do ambiente, garantindo aos respetivos trabalhadores e fam\u00edlias o acesso ao t\u00edtulo de transporte da \u00e1rea metropolitana de Lisboa (amL).<\/p>\n\n\n\n<p>Contribuir para a mobilidade sustent\u00e1vel, apoiar as m\u00e9tricas europeias de descarboniza\u00e7\u00e3o das cidades e incentivar o uso dos transportes p\u00fablicos \u00e9 o triplo benef\u00edcio associado \u00e0 mais recente iniciativa da Transportes Metropolitanos de Lisboa (TML).<\/p>\n\n\n\n<p>Partindo da premissa que a vis\u00e3o estrat\u00e9gica de promo\u00e7\u00e3o de uma mobilidade sustent\u00e1vel deve ser parte integrante das pol\u00edticas de responsabilidade social das empresas, a TML apresenta, no \u00e2mbito do Portugal Smart Cities Summit, uma modalidade in\u00e9dita para as cidades, trabalhadores e empresas.<\/p>\n","protected":false},"excerpt":{"rendered":"<p>Sin\u00f3nimo e regulador da mobilidade urbana na \u00e1rea metropolitana de Lisboa (amL), a Transportes Metropolitanos de Lisboa (TML) participa, entre 10 e 12 de outubro, no Portugal Smart Cities Summit, na FIL \u2013 Feira Internacional de Lisboa, no Parque das Na\u00e7\u00f5es, com novidades tanto no universo navegante como na opera\u00e7\u00e3o rodovi\u00e1ria da Carris Metropolitana. Lado<a class=\"excerpt-read-more\" href=\"https:\/\/www.tmlmobilidade.pt\/en\/comunicacao\/noticias\/tml-apresenta-novas-propostas-de-mobilidade-no-portugal-smart-cities-summit-2023\/\" title=\"ReadTML apresenta novas propostas de mobilidade no Portugal Smart Cities Summit 2023\">&#8230; Read more &raquo;<\/a><\/p>\n","protected":false},"author":2,"featured_media":0,"comment_status":"closed","ping_status":"closed","sticky":false,"template":"","format":"standard","meta":[],"categories":[47],"tags":[],"acf":[],"_links":{"self":[{"href":"https:\/\/www.tmlmobilidade.pt\/en\/wp-json\/wp\/v2\/posts\/4493"}],"collection":[{"href":"https:\/\/www.tmlmobilidade.pt\/en\/wp-json\/wp\/v2\/posts"}],"about":[{"href":"https:\/\/www.tmlmobilidade.pt\/en\/wp-json\/wp\/v2\/types\/post"}],"author":[{"embeddable":true,"href":"https:\/\/www.tmlmobilidade.pt\/en\/wp-json\/wp\/v2\/users\/2"}],"replies":[{"embeddable":true,"href":"https:\/\/www.tmlmobilidade.pt\/en\/wp-json\/wp\/v2\/comments?post=4493"}],"version-history":[{"count":11,"href":"https:\/\/www.tmlmobilidade.pt\/en\/wp-json\/wp\/v2\/posts\/4493\/revisions"}],"predecessor-version":[{"id":4507,"href":"https:\/\/www.tmlmobilidade.pt\/en\/wp-json\/wp\/v2\/posts\/4493\/revisions\/4507"}],"wp:attachment":[{"href":"https:\/\/www.tmlmobilidade.pt\/en\/wp-json\/wp\/v2\/media?parent=4493"}],"wp:term":[{"taxonomy":"category","embeddable":true,"href":"https:\/\/www.tmlmobilidade.pt\/en\/wp-json\/wp\/v2\/categories?post=4493"},{"taxonomy":"post_tag","embeddable":true,"href":"https:\/\/www.tmlmobilidade.pt\/en\/wp-json\/wp\/v2\/tags?post=4493"}],"curies":[{"name":"wp","href":"https:\/\/api.w.org\/{rel}","templated":true}]}}