{"id":4334,"date":"2023-05-26T15:56:59","date_gmt":"2023-05-26T15:56:59","guid":{"rendered":"https:\/\/www.tmlmobilidade.pt\/?p=4334"},"modified":"2023-05-26T15:57:56","modified_gmt":"2023-05-26T15:57:56","slug":"gira-navegante-ja-da-acesso-as-bicicletas-partilhadas-de-lisboa","status":"publish","type":"post","link":"https:\/\/www.tmlmobilidade.pt\/en\/comunicacao\/noticias\/gira-navegante-ja-da-acesso-as-bicicletas-partilhadas-de-lisboa\/","title":{"rendered":"Gira: navegante\u00ae j\u00e1 d\u00e1 acesso \u00e0s bicicletas partilhadas de Lisboa"},"content":{"rendered":"\n<p>Desta sexta-feira em diante, <strong>quem beneficia da medida da gratuitidade do passe navegante\u00ae em Lisboa<\/strong> j\u00e1 pode desbloquear uma das mais de 1.700 bicicletas partilhadas Gira que a C\u00e2mara Municipal de Lisboa e a EMEL t\u00eam espalhadas pelo munic\u00edpio.<\/p>\n\n\n\n<p>Para desbloquear os veloc\u00edpedes basta escolher a op\u00e7\u00e3o de pagamento Gira\/navegante\u00ae na aplica\u00e7\u00e3o Gira, dispon\u00edvel para Android e iOs.<\/p>\n\n\n\n<p>Verificadas as condi\u00e7\u00f5es de acesso e a pr\u00e9via ades\u00e3o \u00e0 gratuitidade, a inscri\u00e7\u00e3o \u00e9 validada garantindo o acesso dos lisboetas \u00e0 chamada mobilidade suave.<\/p>\n\n\n\n<p><strong>Al\u00e9m da faixa et\u00e1ria, a condi\u00e7\u00e3o \u00e9 o comprovativo de resid\u00eancia fiscal no munic\u00edpio de Lisboa.<\/strong><\/p>\n\n\n\n<p><\/p>\n\n\n\n<h3 id=\"afinal-quem-e-abrangido-nesta-primeira-fase\"><strong>Afinal, quem \u00e9 abrangido nesta primeira fase?<\/strong><\/h3>\n\n\n\n<p>Assim como acontece nos demais meios de transporte a circular na capital, <strong>jovens estudantes entre os 16 e os 23 anos e maiores de 65 s\u00e3o abrangidos pela gratuitidade no acesso \u00e0s Gira<\/strong>.<\/p>\n\n\n\n<p>S\u00e3o j\u00e1 mais de 80 mil pessoas a beneficiar da medida da gratuitidade nos transportes p\u00fablicos promovida pelo munic\u00edpio de Lisboa que podem agora alargar o seu benef\u00edcio \u00e0 mobilidade suave.<\/p>\n\n\n\n<h3 id=\"afinal-quem-e-abrangido-nesta-primeira-fase\"><strong>Com o navegante<strong><strong>\u00ae<\/strong><\/strong>, vai mais longe?<\/strong><\/h3>\n\n\n\n<p>A medida implementada com o apoio da Transportes Metropolitanos de Lisboa no \u00e2mbito do sistema navegante\u00ae vem integrar a utiliza\u00e7\u00e3o do transporte p\u00fablico com a mobilidade suave promovendo uma mobilidade partilhada e econ\u00f3mica e ambientalmente mais sustent\u00e1vel.<\/p>\n","protected":false},"excerpt":{"rendered":"<p>Desta sexta-feira em diante, quem beneficia da medida da gratuitidade do passe navegante\u00ae em Lisboa j\u00e1 pode desbloquear uma das mais de 1.700 bicicletas partilhadas Gira que a C\u00e2mara Municipal de Lisboa e a EMEL t\u00eam espalhadas pelo munic\u00edpio. Para desbloquear os veloc\u00edpedes basta escolher a op\u00e7\u00e3o de pagamento Gira\/navegante\u00ae na aplica\u00e7\u00e3o Gira, dispon\u00edvel para<a class=\"excerpt-read-more\" href=\"https:\/\/www.tmlmobilidade.pt\/en\/comunicacao\/noticias\/gira-navegante-ja-da-acesso-as-bicicletas-partilhadas-de-lisboa\/\" title=\"ReadGira: navegante\u00ae j\u00e1 d\u00e1 acesso \u00e0s bicicletas partilhadas de Lisboa\">&#8230; Read more &raquo;<\/a><\/p>\n","protected":false},"author":3,"featured_media":0,"comment_status":"closed","ping_status":"closed","sticky":false,"template":"","format":"standard","meta":[],"categories":[47],"tags":[],"acf":[],"_links":{"self":[{"href":"https:\/\/www.tmlmobilidade.pt\/en\/wp-json\/wp\/v2\/posts\/4334"}],"collection":[{"href":"https:\/\/www.tmlmobilidade.pt\/en\/wp-json\/wp\/v2\/posts"}],"about":[{"href":"https:\/\/www.tmlmobilidade.pt\/en\/wp-json\/wp\/v2\/types\/post"}],"author":[{"embeddable":true,"href":"https:\/\/www.tmlmobilidade.pt\/en\/wp-json\/wp\/v2\/users\/3"}],"replies":[{"embeddable":true,"href":"https:\/\/www.tmlmobilidade.pt\/en\/wp-json\/wp\/v2\/comments?post=4334"}],"version-history":[{"count":5,"href":"https:\/\/www.tmlmobilidade.pt\/en\/wp-json\/wp\/v2\/posts\/4334\/revisions"}],"predecessor-version":[{"id":4342,"href":"https:\/\/www.tmlmobilidade.pt\/en\/wp-json\/wp\/v2\/posts\/4334\/revisions\/4342"}],"wp:attachment":[{"href":"https:\/\/www.tmlmobilidade.pt\/en\/wp-json\/wp\/v2\/media?parent=4334"}],"wp:term":[{"taxonomy":"category","embeddable":true,"href":"https:\/\/www.tmlmobilidade.pt\/en\/wp-json\/wp\/v2\/categories?post=4334"},{"taxonomy":"post_tag","embeddable":true,"href":"https:\/\/www.tmlmobilidade.pt\/en\/wp-json\/wp\/v2\/tags?post=4334"}],"curies":[{"name":"wp","href":"https:\/\/api.w.org\/{rel}","templated":true}]}}