{"id":4284,"date":"2023-05-12T14:03:00","date_gmt":"2023-05-12T14:03:00","guid":{"rendered":"https:\/\/www.tmlmobilidade.pt\/?p=4284"},"modified":"2023-05-24T14:33:58","modified_gmt":"2023-05-24T14:33:58","slug":"tml-parceira-do-joga-pelas-criancas","status":"publish","type":"post","link":"https:\/\/www.tmlmobilidade.pt\/en\/comunicacao\/noticias\/tml-parceira-do-joga-pelas-criancas\/","title":{"rendered":"TML parceira do \u2018Joga pelas Crian\u00e7as\u2019"},"content":{"rendered":"\n<p><strong>Transporte oficial do evento solid\u00e1rio cujas receitas de bilheteira revertem a favor das crian\u00e7as apoiadas pela Cruz Vermelha Portuguesa<\/strong>, a Transportes Metropolitanos de Lisboa (TML) \u00e9 uma das parceiras da 4\u00aa edi\u00e7\u00e3o do <strong><strong>JOGA PELAS CRIAN\u00c7AS<\/strong><\/strong>, a decorrer j\u00e1 a <strong>3 de junho<\/strong>, <strong>no Est\u00e1dio Jos\u00e9 Alvalade, em Lisboa.<\/strong><\/p>\n\n\n\n<p>Com a abertura das portas prevista para as 16h e uma Fan Zone com anima\u00e7\u00e3o e exposi\u00e7\u00f5es, todas as receitas do jogo, onde as equipas s\u00e3o constitu\u00eddas por figuras p\u00fablicas e alguns jogadores profissionais do desporto mais popular do mundo, revertem a favor de v\u00e1rias institui\u00e7\u00f5es ligadas ao desenvolvimento juvenil.<\/p>\n\n\n\n<p>Ricardo Quaresma, Francis Obikwelu, Adrien Silva, Madjer, Pedro Fernandes ou o Chef Chakal s\u00e3o alguns dos \u201cconvocados\u201d pela iniciativa que a TML decidiu apoiar, numa perspetiva de aliar o direito dos mais jovens a uma mobilidade urbana cada vez mais eficiente e, portanto, sustent\u00e1vel.<\/p>\n\n\n\n<p><\/p>\n\n\n\n<p>O <strong><strong>JOGA PELAS CRIAN\u00c7AS<\/strong><\/strong> \u00e9 um evento solid\u00e1rio, em que todas as receitas de bilheteira revertem a favor das crian\u00e7as de v\u00e1rias institui\u00e7\u00f5es em Portugal.<br>Sendo o futebol o desporto mais popular do mundo, porque n\u00e3o aproveitar esta popularidade e angariar um montante que pode mudar a vida de algumas crian\u00e7as?<\/p>\n\n\n\n<figure class=\"wp-block-image size-large\"><a href=\"https:\/\/www.youtube.com\/watch?v=XagpUvAQ0cs\"><img loading=\"lazy\" width=\"1024\" height=\"469\" src=\"https:\/\/www.tmlmobilidade.pt\/wp-content\/uploads\/2023\/05\/image-1024x469.png\" alt=\"\" class=\"wp-image-4285\" srcset=\"https:\/\/www.tmlmobilidade.pt\/wp-content\/uploads\/2023\/05\/image-1024x469.png 1024w, https:\/\/www.tmlmobilidade.pt\/wp-content\/uploads\/2023\/05\/image-300x138.png 300w, https:\/\/www.tmlmobilidade.pt\/wp-content\/uploads\/2023\/05\/image-768x352.png 768w, https:\/\/www.tmlmobilidade.pt\/wp-content\/uploads\/2023\/05\/image.png 1444w\" sizes=\"(max-width: 1024px) 100vw, 1024px\" \/><\/a><\/figure>\n\n\n\n<p><\/p>\n\n\n\n<p>A iniciativa <strong>JOGA PELAS CRIAN\u00c7AS<\/strong> tem vindo a trabalhar para combater os problemas associados \u00e0 AGENDA 2030. Dentro destes objetivos, tem vindo a desenvolver tem\u00e1ticas e apoios para:<\/p>\n\n\n\n<ul><li><strong>Erradicar a pobreza e Erradicar a Fome.<\/strong> O objetivo principal tem sido angariar fundos monet\u00e1rios e alimentares para distribuir pelas principais Organiza\u00e7\u00f5es N\u00e3o Governamentais de Portugal, tais como a UNICEF Portugal; Liga Portuguesa Contra o Cancro; Cruz Vermelha Portuguesa e Associa\u00e7\u00e3o Acreditar. Ao longo dos primeiros 2 anos de exist\u00eancia foram angariados cerca de 25.000,00\u20ac (vinte cinco mil euros) e foram ainda distribu\u00eddos para a UNICEF cerca de 600 barras de sab\u00e3o; 7.680 saquetas de micronutrientes; 3.600 l\u00e1pis e 26.880 vacinas contra o Sarampo.<\/li><li><strong>Sa\u00fade de qualidade.<\/strong> Melhoria da Ala pedi\u00e1trica do IPO do Porto e Lisboa. Presen\u00e7a dos Embaixadores na sala do IPO de Lisboa para conviver com os pacientes. <\/li><li><strong>Educa\u00e7\u00e3o de Qualidade e Igualdade de g\u00e9nero<\/strong>. Este ano foram criadas as TOUR<br>ESCOLAS, tem\u00e1tica que ajuda a promover uma melhor educa\u00e7\u00e3o por v\u00e1rias escolas da \u00e1rea metropolitana de Lisboa e do Porto. Os temas de foco desta iniciativa s\u00e3o o Desporto,<br>Alimenta\u00e7\u00e3o Saud\u00e1vel e Igualdade e Inclus\u00e3o, os objetivos espec\u00edficos a atingir ser\u00e3o:<\/li><\/ul>\n\n\n\n<ol id=\"block-5f41396c-8832-4dcc-b52d-167c19f0ba1a\"><li>Promo\u00e7\u00e3o da igualdade de g\u00e9nero;<\/li><li>Promo\u00e7\u00e3o da toler\u00e2ncia social e preven\u00e7\u00e3o de fen\u00f3menos sociais assentes nas desigualdades;<\/li><li>Preven\u00e7\u00e3o da viol\u00eancia no namoro;<\/li><li>Cria\u00e7\u00e3o de espa\u00e7o de consciencializa\u00e7\u00e3o e discuss\u00e3o.<\/li><\/ol>\n\n\n\n<ul><li><strong>Produ\u00e7\u00e3o e consumo sustent\u00e1veis<\/strong> <strong>e A\u00e7\u00e3o Clim\u00e1tica.<\/strong> Todo o processo envolvente na iniciativa <strong>JOGA PELAS CRIAN\u00c7AS<\/strong> \u00e9 criado e desenvolvido para diminuir ao m\u00e1ximo a pegada de carbono e assim contribuir para a luta conta as altera\u00e7\u00f5es clim\u00e1ticas. Todos os materiais utilizados na produ\u00e7\u00e3o do evento solid\u00e1rio <strong>JOGA PELAS CRIAN\u00c7AS<\/strong> s\u00e3o reutilizados nas edi\u00e7\u00f5es seguintes. O merchandising utilizado pela marca <strong>JOGA PELAS CRIAN\u00c7AS<\/strong> \u00e9 realizado atrav\u00e9s de uma linha sustent\u00e1vel, como por exemplo a bola wabada sustent\u00e1vel; brinquedos de praia feitos atrav\u00e9s de pl\u00e1stico reciclado, saco sol\u00favel entre outros.<\/li><\/ul>\n\n\n\n<p><\/p>\n\n\n\n<div class=\"wp-block-image\"><figure class=\"aligncenter size-full\"><img loading=\"lazy\" width=\"1024\" height=\"645\" src=\"https:\/\/www.tmlmobilidade.pt\/wp-content\/uploads\/2023\/05\/ODS.png\" alt=\"\" class=\"wp-image-4298\" srcset=\"https:\/\/www.tmlmobilidade.pt\/wp-content\/uploads\/2023\/05\/ODS.png 1024w, https:\/\/www.tmlmobilidade.pt\/wp-content\/uploads\/2023\/05\/ODS-300x189.png 300w, https:\/\/www.tmlmobilidade.pt\/wp-content\/uploads\/2023\/05\/ODS-768x484.png 768w\" sizes=\"(max-width: 1024px) 100vw, 1024px\" \/><\/figure><\/div>\n\n\n\n<figure class=\"wp-block-image size-large\"><img loading=\"lazy\" width=\"1024\" height=\"576\" src=\"https:\/\/www.tmlmobilidade.pt\/wp-content\/uploads\/2023\/05\/Ecras-CM-\u2013-1440-X-810-4x-1024x576.png\" alt=\"\" class=\"wp-image-4301\" srcset=\"https:\/\/www.tmlmobilidade.pt\/wp-content\/uploads\/2023\/05\/Ecras-CM-\u2013-1440-X-810-4x-1024x576.png 1024w, https:\/\/www.tmlmobilidade.pt\/wp-content\/uploads\/2023\/05\/Ecras-CM-\u2013-1440-X-810-4x-300x169.png 300w, https:\/\/www.tmlmobilidade.pt\/wp-content\/uploads\/2023\/05\/Ecras-CM-\u2013-1440-X-810-4x-768x432.png 768w, https:\/\/www.tmlmobilidade.pt\/wp-content\/uploads\/2023\/05\/Ecras-CM-\u2013-1440-X-810-4x.png 1440w\" sizes=\"(max-width: 1024px) 100vw, 1024px\" \/><\/figure>\n","protected":false},"excerpt":{"rendered":"<p>Transporte oficial do evento solid\u00e1rio cujas receitas de bilheteira revertem a favor das crian\u00e7as apoiadas pela Cruz Vermelha Portuguesa, a Transportes Metropolitanos de Lisboa (TML) \u00e9 uma das parceiras da 4\u00aa edi\u00e7\u00e3o do JOGA PELAS CRIAN\u00c7AS, a decorrer j\u00e1 a 3 de junho, no Est\u00e1dio Jos\u00e9 Alvalade, em Lisboa. Com a abertura das portas prevista<a class=\"excerpt-read-more\" href=\"https:\/\/www.tmlmobilidade.pt\/en\/comunicacao\/noticias\/tml-parceira-do-joga-pelas-criancas\/\" title=\"ReadTML parceira do \u2018Joga pelas Crian\u00e7as\u2019\">&#8230; Read more &raquo;<\/a><\/p>\n","protected":false},"author":3,"featured_media":0,"comment_status":"closed","ping_status":"closed","sticky":false,"template":"","format":"standard","meta":[],"categories":[47],"tags":[],"acf":[],"_links":{"self":[{"href":"https:\/\/www.tmlmobilidade.pt\/en\/wp-json\/wp\/v2\/posts\/4284"}],"collection":[{"href":"https:\/\/www.tmlmobilidade.pt\/en\/wp-json\/wp\/v2\/posts"}],"about":[{"href":"https:\/\/www.tmlmobilidade.pt\/en\/wp-json\/wp\/v2\/types\/post"}],"author":[{"embeddable":true,"href":"https:\/\/www.tmlmobilidade.pt\/en\/wp-json\/wp\/v2\/users\/3"}],"replies":[{"embeddable":true,"href":"https:\/\/www.tmlmobilidade.pt\/en\/wp-json\/wp\/v2\/comments?post=4284"}],"version-history":[{"count":10,"href":"https:\/\/www.tmlmobilidade.pt\/en\/wp-json\/wp\/v2\/posts\/4284\/revisions"}],"predecessor-version":[{"id":4323,"href":"https:\/\/www.tmlmobilidade.pt\/en\/wp-json\/wp\/v2\/posts\/4284\/revisions\/4323"}],"wp:attachment":[{"href":"https:\/\/www.tmlmobilidade.pt\/en\/wp-json\/wp\/v2\/media?parent=4284"}],"wp:term":[{"taxonomy":"category","embeddable":true,"href":"https:\/\/www.tmlmobilidade.pt\/en\/wp-json\/wp\/v2\/categories?post=4284"},{"taxonomy":"post_tag","embeddable":true,"href":"https:\/\/www.tmlmobilidade.pt\/en\/wp-json\/wp\/v2\/tags?post=4284"}],"curies":[{"name":"wp","href":"https:\/\/api.w.org\/{rel}","templated":true}]}}