{"id":4100,"date":"2023-04-19T16:09:16","date_gmt":"2023-04-19T16:09:16","guid":{"rendered":"https:\/\/www.tmlmobilidade.pt\/?p=4100"},"modified":"2023-05-17T11:58:38","modified_gmt":"2023-05-17T11:58:38","slug":"navegante-escola-agora-em-todos-os-graus-de-ensino","status":"publish","type":"post","link":"https:\/\/www.tmlmobilidade.pt\/en\/0\/navegante-escola-agora-em-todos-os-graus-de-ensino\/","title":{"rendered":"navegante\u00ae escola, agora em todos os graus de ensino"},"content":{"rendered":"\n<p>De agora em diante, todos os alunos que frequentem o 1\u00ba, 2\u00ba, 3\u00ba ciclos ou um dos tr\u00eas anos do ensino secund\u00e1rio em estabelecimentos de ensino de Lisboa podem deslocar-se em qualquer um dos meios de transporte que circulam na \u00e1rea metropolitana de Lisboa com o cart\u00e3o navegante\u00ae escola emitido a custo zero. Continua ser necess\u00e1rio realizar o carregamento mensal do cart\u00e3o navegante\u00ae.<\/p>\n\n\n\n<p>Uma medida da C\u00e2mara Municipal de Lisboa tornada poss\u00edvel pela Transportes Metropolitanos de Lisboa (TML) com o intuito de estimular a utiliza\u00e7\u00e3o dos servi\u00e7os p\u00fablicos de transporte, numa altura em que o planeta se v\u00ea a bra\u00e7os com uma crise clim\u00e1tica e as institui\u00e7\u00f5es europeias colocaram a mobilidade urbana no centro das preocupa\u00e7\u00f5es dos estados membros.<\/p>\n\n\n\n<p>Reduzir o congestionamento autom\u00f3vel afeto \u00e0s escolas e promover a autonomia dos mais novos nas suas desloca\u00e7\u00f5es di\u00e1rias tamb\u00e9m est\u00e3o no horizonte da medida que vem facilitar o acesso dos alunos ao transporte p\u00fablico.<\/p>\n\n\n\n<p>Na pr\u00e1tica, desde que apresentem um comprovativo de frequ\u00eancia em qualquer um dos anos escolares de frequ\u00eancia obrigat\u00f3ria, num estabelecimento de ensino p\u00fablico ou privado, e da resid\u00eancia no concelho de Lisboa, todos os estudantes passam a poder requerer um cart\u00e3o navegante\u00ae escola com todos os benef\u00edcios que lhe est\u00e3o associados.<\/p>\n\n\n\n<p>Atribu\u00edda por grau de ensino e n\u00e3o por idade, a gratuidade deste cart\u00e3o personalizado pode ser atribu\u00edda a estudantes maiores de idade, desde que a prova da matr\u00edcula e frequ\u00eancia sejam apresentadas.<\/p>\n\n\n\n<p>Para solicitar a emiss\u00e3o do navegante\u00ae escola, tamb\u00e9m \u00e9 necess\u00e1ria uma fotografia tipo-passe.<\/p>\n\n\n\n<p>O cart\u00e3o navegante\u00ae escola oferece tamb\u00e9m acesso gratuito aos monumentos e museus da EGEAC. Agora, em todos os graus de ensino.<\/p>\n","protected":false},"excerpt":{"rendered":"<p>De agora em diante, todos os alunos que frequentem o 1\u00ba, 2\u00ba, 3\u00ba ciclos ou um dos tr\u00eas anos do ensino secund\u00e1rio em estabelecimentos de ensino de Lisboa podem deslocar-se em qualquer um dos meios de transporte que circulam na \u00e1rea metropolitana de Lisboa com o cart\u00e3o navegante\u00ae escola emitido a custo zero. Continua ser<a class=\"excerpt-read-more\" href=\"https:\/\/www.tmlmobilidade.pt\/en\/0\/navegante-escola-agora-em-todos-os-graus-de-ensino\/\" title=\"Readnavegante\u00ae escola, agora em todos os graus de ensino\">&#8230; Read more &raquo;<\/a><\/p>\n","protected":false},"author":1,"featured_media":0,"comment_status":"closed","ping_status":"closed","sticky":false,"template":"","format":"standard","meta":[],"categories":[47,7],"tags":[],"acf":[],"_links":{"self":[{"href":"https:\/\/www.tmlmobilidade.pt\/en\/wp-json\/wp\/v2\/posts\/4100"}],"collection":[{"href":"https:\/\/www.tmlmobilidade.pt\/en\/wp-json\/wp\/v2\/posts"}],"about":[{"href":"https:\/\/www.tmlmobilidade.pt\/en\/wp-json\/wp\/v2\/types\/post"}],"author":[{"embeddable":true,"href":"https:\/\/www.tmlmobilidade.pt\/en\/wp-json\/wp\/v2\/users\/1"}],"replies":[{"embeddable":true,"href":"https:\/\/www.tmlmobilidade.pt\/en\/wp-json\/wp\/v2\/comments?post=4100"}],"version-history":[{"count":9,"href":"https:\/\/www.tmlmobilidade.pt\/en\/wp-json\/wp\/v2\/posts\/4100\/revisions"}],"predecessor-version":[{"id":4224,"href":"https:\/\/www.tmlmobilidade.pt\/en\/wp-json\/wp\/v2\/posts\/4100\/revisions\/4224"}],"wp:attachment":[{"href":"https:\/\/www.tmlmobilidade.pt\/en\/wp-json\/wp\/v2\/media?parent=4100"}],"wp:term":[{"taxonomy":"category","embeddable":true,"href":"https:\/\/www.tmlmobilidade.pt\/en\/wp-json\/wp\/v2\/categories?post=4100"},{"taxonomy":"post_tag","embeddable":true,"href":"https:\/\/www.tmlmobilidade.pt\/en\/wp-json\/wp\/v2\/tags?post=4100"}],"curies":[{"name":"wp","href":"https:\/\/api.w.org\/{rel}","templated":true}]}}