{"id":3928,"date":"2023-01-19T16:46:53","date_gmt":"2023-01-19T16:46:53","guid":{"rendered":"https:\/\/www.tmlmobilidade.pt\/?p=3928"},"modified":"2023-09-20T14:50:39","modified_gmt":"2023-09-20T14:50:39","slug":"carris-metropolitana-almada-seixal-e-sesimbra-com-reforco-de-servicos-e-utilizacao-do-terminal-do-areeiro","status":"publish","type":"post","link":"https:\/\/www.tmlmobilidade.pt\/en\/0\/carris-metropolitana-almada-seixal-e-sesimbra-com-reforco-de-servicos-e-utilizacao-do-terminal-do-areeiro\/","title":{"rendered":"Carris Metropolitana: Almada, Seixal e Sesimbra com refor\u00e7o de servi\u00e7os e utiliza\u00e7\u00e3o do Terminal do Areeiro"},"content":{"rendered":"\n<p><a href=\"https:\/\/www.carrismetropolitana.pt\/noticias\/1766\/\">A Carris Metropolitana prepara-se para iniciar a opera\u00e7\u00e3o de cinco novas linhas nos munic\u00edpios de Almada, Seixal e Sesimbra, j\u00e1 a partir da pr\u00f3xima segunda-feira, 23 de janeiro<\/a>, com destaque para o refor\u00e7o das liga\u00e7\u00f5es \u00e0 margem norte do Tejo. <\/p>\n\n\n\n<p><strong>Linhas em Almada<\/strong><\/p>\n\n\n\n<p>A Carris Metropolitana inicia a opera\u00e7\u00e3o da linha 3705, que estabelece a liga\u00e7\u00e3o entre a Charneca da Caparica e o terminal de Sete Rios, em Lisboa, e a linha 3006 \u2013 circular da Aroeira \u2013, garantindo \u00e0 popula\u00e7\u00e3o um novo servi\u00e7o de transportes de proximidade. <\/p>\n\n\n\n<p>Outra nova liga\u00e7\u00e3o ser\u00e1 entre Almada e Alg\u00e9s, efetuada pela linha 3701. Esta linha \u00e9 a primeira a ligar a zona ocidental de Lisboa e Oeiras, com um munic\u00edpio da margem sul. <\/p>\n\n\n\n<p>Para melhor dar resposta \u00e0 procura registada, a linha 3001, que j\u00e1 hoje liga Almada (Cristo Rei) e o Terminal de Cacilhas, passar\u00e1 a contar com mais 20 circula\u00e7\u00f5es di\u00e1rias. <\/p>\n\n\n\n<p><strong>\u00c1rea 3: Almada, Seixal e Sesimbra<\/strong><\/p>\n\n\n\n<p>Para promover a liga\u00e7\u00e3o entre o Seixal e Almada, entra em opera\u00e7\u00e3o a linha 3505, entre Paio Pires (Farinheiras) e o Terminal de Cacilhas, num percurso semelhante ao servi\u00e7o da antiga carreira 108, com hor\u00e1rios sobretudo nas horas de ponta, garantindo a articula\u00e7\u00e3o com o barco. <\/p>\n\n\n\n<p>Sesimbra tamb\u00e9m recebe uma nova linha, 3540 (Alfarim &#8211; Coina (Esta\u00e7\u00e3o)), que ir\u00e1 garantir a liga\u00e7\u00e3o direta de Alfarim e Meco para a esta\u00e7\u00e3o de Coina.<\/p>\n\n\n\n<p><strong>Utiliza\u00e7\u00e3o do terminal do Areeiro | 30 de janeiro<\/strong><\/p>\n\n\n\n<p>Um dos terminais de partidas e chegadas \u00e0 capital, o Areeiro surge no mapa da Carris Metropolitana para as liga\u00e7\u00f5es margem sul -Lisboa. A partir do pr\u00f3ximo dia 30 de janeiro, as linhas 3710 e 3703, da Costa da Caparica e do Parque Urbano de Almada, passam a iniciar e terminar o seu percurso no Areeiro, em Lisboa, deixando de utilizar o terminal de Sete Rios.<canvas width=\"710\" height=\"1000\">Sobre a Carris MetropolitanaA Carris Metropolitana \u00e9 uma iniciativa dos 18 munic\u00edpios da AML \u2013\u00c1rea Metropolitana de Lisboa, que concretizam a obrigatoriedade legal de se concursar e contratar as redes de servi\u00e7os rodovi\u00e1rios, e que, atrav\u00e9s Transportes Metropolitanos de Lisboa (TML) implementa este projeto de grande dimens\u00e3o que visa fundir a opera\u00e7\u00e3o rodovi\u00e1ria de toda a amL numa mesma imagem, numa mesma marca, num mesmo n\u00edvel de servi\u00e7o, focado no servi\u00e7o \u00e0s popula\u00e7\u00f5es, com um elevado grau de complexidade tecnol\u00f3gica e operacional, neste caso, sobretudo pela dimens\u00e3o geogr\u00e1fica e populacional, reduzindo a idade m\u00e9dia da frota em opera\u00e7\u00e3o, introduzindo melhorias na performance ambiental nas viaturas, mais e melhor informa\u00e7\u00e3o ao p\u00fablico que \u00e9 tamb\u00e9m uniformizada e simplificada \u00e0 escala metropolitana, e aumentando o n\u00famero de hor\u00e1rios e frequ\u00eancias at\u00e9 cerca de 40% acima do que era praticado antes da entrada em funcionamento. A Carris Metropolitana pretende contribuir para aequidade social e territorial na amL, fomentando a ado\u00e7\u00e3o de comportamentos sustent\u00e1veis. Opera as redes municipais para 15 dos 18 munic\u00edpios (Barreiro, Cascais e Lisboa mant\u00eam as opera\u00e7\u00f5es locais) e a totalidade da opera\u00e7\u00e3o intermunicipal dos 18 munic\u00edpios<\/canvas><\/p>\n","protected":false},"excerpt":{"rendered":"<p>A Carris Metropolitana prepara-se para iniciar a opera\u00e7\u00e3o de cinco novas linhas nos munic\u00edpios de Almada, Seixal e Sesimbra, j\u00e1 a partir da pr\u00f3xima segunda-feira, 23 de janeiro, com destaque para o refor\u00e7o das liga\u00e7\u00f5es \u00e0 margem norte do Tejo. Linhas em Almada A Carris Metropolitana inicia a opera\u00e7\u00e3o da linha 3705, que estabelece a<a class=\"excerpt-read-more\" href=\"https:\/\/www.tmlmobilidade.pt\/en\/0\/carris-metropolitana-almada-seixal-e-sesimbra-com-reforco-de-servicos-e-utilizacao-do-terminal-do-areeiro\/\" title=\"ReadCarris Metropolitana: Almada, Seixal e Sesimbra com refor\u00e7o de servi\u00e7os e utiliza\u00e7\u00e3o do Terminal do Areeiro\">&#8230; Read more &raquo;<\/a><\/p>\n","protected":false},"author":1,"featured_media":3558,"comment_status":"closed","ping_status":"closed","sticky":false,"template":"","format":"standard","meta":[],"categories":[47,7],"tags":[],"acf":[],"_links":{"self":[{"href":"https:\/\/www.tmlmobilidade.pt\/en\/wp-json\/wp\/v2\/posts\/3928"}],"collection":[{"href":"https:\/\/www.tmlmobilidade.pt\/en\/wp-json\/wp\/v2\/posts"}],"about":[{"href":"https:\/\/www.tmlmobilidade.pt\/en\/wp-json\/wp\/v2\/types\/post"}],"author":[{"embeddable":true,"href":"https:\/\/www.tmlmobilidade.pt\/en\/wp-json\/wp\/v2\/users\/1"}],"replies":[{"embeddable":true,"href":"https:\/\/www.tmlmobilidade.pt\/en\/wp-json\/wp\/v2\/comments?post=3928"}],"version-history":[{"count":11,"href":"https:\/\/www.tmlmobilidade.pt\/en\/wp-json\/wp\/v2\/posts\/3928\/revisions"}],"predecessor-version":[{"id":3949,"href":"https:\/\/www.tmlmobilidade.pt\/en\/wp-json\/wp\/v2\/posts\/3928\/revisions\/3949"}],"wp:featuredmedia":[{"embeddable":true,"href":"https:\/\/www.tmlmobilidade.pt\/en\/wp-json\/wp\/v2\/media\/3558"}],"wp:attachment":[{"href":"https:\/\/www.tmlmobilidade.pt\/en\/wp-json\/wp\/v2\/media?parent=3928"}],"wp:term":[{"taxonomy":"category","embeddable":true,"href":"https:\/\/www.tmlmobilidade.pt\/en\/wp-json\/wp\/v2\/categories?post=3928"},{"taxonomy":"post_tag","embeddable":true,"href":"https:\/\/www.tmlmobilidade.pt\/en\/wp-json\/wp\/v2\/tags?post=3928"}],"curies":[{"name":"wp","href":"https:\/\/api.w.org\/{rel}","templated":true}]}}