{"id":3874,"date":"2022-12-29T19:25:24","date_gmt":"2022-12-29T19:25:24","guid":{"rendered":"https:\/\/www.tmlmobilidade.pt\/?p=3874"},"modified":"2023-05-17T12:00:02","modified_gmt":"2023-05-17T12:00:02","slug":"pre-aviso-de-greve-dos-maquinistas-do-metro-transportes-sul","status":"publish","type":"post","link":"https:\/\/www.tmlmobilidade.pt\/en\/comunicacao\/noticias\/pre-aviso-de-greve-dos-maquinistas-do-metro-transportes-sul\/","title":{"rendered":"Pr\u00e9-aviso de greve dos maquinistas do Metro Transportes Sul"},"content":{"rendered":"\n<p>Os maquinistas do Metro Sul do Tejo iniciaram esta quinta-feira, 29 de dezembro, um per\u00edodo de tr\u00eas dias de greve, at\u00e9 ao dia 1 de janeiro, com a expectativa de graves perturba\u00e7\u00f5es nos servi\u00e7os.  <\/p>\n\n\n\n<p>Assim, entre as 00h00 do dia 29 de dezembro de 2022 e as 24h00 do dia 2 de janeiro de 2023 (segunda-feira), os trabalhadores representados pelo Sindicato Nacional dos Maquinistas dos Caminhos de Ferro Portugueses (SMAQ), v\u00e3o fazer greve ao trabalho suplementar e a todos os servi\u00e7os com dura\u00e7\u00e3o superior a oito horas.<\/p>\n\n\n\n<p>Entre as 00h00 do dia 30 de dezembro de 2022 (sexta-feira) e as 24h00 do dia 1 de janeiro de 2023 (domingo), os trabalhadores encontram-se em greve \u00e0 presta\u00e7\u00e3o de todo e qualquer trabalho.<\/p>\n\n\n\n<p>Entretanto a empresa j\u00e1 pediu \u00e0s autoridades que sejam decretados servi\u00e7os m\u00ednimos. <\/p>\n","protected":false},"excerpt":{"rendered":"<p>Os maquinistas do Metro Sul do Tejo iniciaram esta quinta-feira, 29 de dezembro, um per\u00edodo de tr\u00eas dias de greve, at\u00e9 ao dia 1 de janeiro, com a expectativa de graves perturba\u00e7\u00f5es nos servi\u00e7os. Assim, entre as 00h00 do dia 29 de dezembro de 2022 e as 24h00 do dia 2 de janeiro de 2023<a class=\"excerpt-read-more\" href=\"https:\/\/www.tmlmobilidade.pt\/en\/comunicacao\/noticias\/pre-aviso-de-greve-dos-maquinistas-do-metro-transportes-sul\/\" title=\"ReadPr\u00e9-aviso de greve dos maquinistas do Metro Transportes Sul\">&#8230; Read more &raquo;<\/a><\/p>\n","protected":false},"author":1,"featured_media":3728,"comment_status":"closed","ping_status":"closed","sticky":false,"template":"","format":"standard","meta":[],"categories":[102,47],"tags":[],"acf":[],"_links":{"self":[{"href":"https:\/\/www.tmlmobilidade.pt\/en\/wp-json\/wp\/v2\/posts\/3874"}],"collection":[{"href":"https:\/\/www.tmlmobilidade.pt\/en\/wp-json\/wp\/v2\/posts"}],"about":[{"href":"https:\/\/www.tmlmobilidade.pt\/en\/wp-json\/wp\/v2\/types\/post"}],"author":[{"embeddable":true,"href":"https:\/\/www.tmlmobilidade.pt\/en\/wp-json\/wp\/v2\/users\/1"}],"replies":[{"embeddable":true,"href":"https:\/\/www.tmlmobilidade.pt\/en\/wp-json\/wp\/v2\/comments?post=3874"}],"version-history":[{"count":2,"href":"https:\/\/www.tmlmobilidade.pt\/en\/wp-json\/wp\/v2\/posts\/3874\/revisions"}],"predecessor-version":[{"id":3876,"href":"https:\/\/www.tmlmobilidade.pt\/en\/wp-json\/wp\/v2\/posts\/3874\/revisions\/3876"}],"wp:featuredmedia":[{"embeddable":true,"href":"https:\/\/www.tmlmobilidade.pt\/en\/wp-json\/wp\/v2\/media\/3728"}],"wp:attachment":[{"href":"https:\/\/www.tmlmobilidade.pt\/en\/wp-json\/wp\/v2\/media?parent=3874"}],"wp:term":[{"taxonomy":"category","embeddable":true,"href":"https:\/\/www.tmlmobilidade.pt\/en\/wp-json\/wp\/v2\/categories?post=3874"},{"taxonomy":"post_tag","embeddable":true,"href":"https:\/\/www.tmlmobilidade.pt\/en\/wp-json\/wp\/v2\/tags?post=3874"}],"curies":[{"name":"wp","href":"https:\/\/api.w.org\/{rel}","templated":true}]}}