{"id":3761,"date":"2022-11-25T15:06:35","date_gmt":"2022-11-25T15:06:35","guid":{"rendered":"https:\/\/www.tmlmobilidade.pt\/?p=3761"},"modified":"2023-05-17T12:01:25","modified_gmt":"2023-05-17T12:01:25","slug":"maioria-das-criancas-so-usa-transportes-as-vezes","status":"publish","type":"post","link":"https:\/\/www.tmlmobilidade.pt\/en\/comunicacao\/noticias\/maioria-das-criancas-so-usa-transportes-as-vezes\/","title":{"rendered":"Maioria das crian\u00e7as s\u00f3 usa transportes \u201c\u00e0s vezes\u201d"},"content":{"rendered":"\n<p>O carro dos pais continua a ser o meio de transporte mais utilizado pelos mais novos para chegar \u00e0 escola com mais de metade das crian\u00e7as que responderam ao Quizz navegante a assumi-lo.<\/p>\n\n\n\n<p>Criado para familiarizar os mais novos e os pais com o universo da Transportes Metropolitanos de Lisboa (TML), Carris Metropolitana e navegante, o quizz que serviu de ferramenta de sensibiliza\u00e7\u00e3o para a utiliza\u00e7\u00e3o dos transportes p\u00fablicos na 21\u00aa edi\u00e7\u00e3o do Hospital da Bonecada, em Vila Franca de Xira, acaba por materializar uma ferramenta de an\u00e1lise relevante \u00e0 nossa estrutura.<\/p>\n\n\n\n<p>Os quizz navegante, muitos deles respondidos em conjunto com o pais ou av\u00f3s, mostram que mais de metade das crian\u00e7as do concelho deixa o transporte p\u00fablico \u00e0 margem da sua rotina. Ir de carro para a escola continua a ser a op\u00e7\u00e3o para a grande maioria das crian\u00e7as seja pela dificuldade de acessos \u00e0s escolas, seja pelos hor\u00e1rios apertados dos pais.<\/p>\n\n\n\n<figure class=\"wp-block-image size-large\"><img loading=\"lazy\" width=\"1024\" height=\"499\" src=\"https:\/\/www.tmlmobilidade.pt\/wp-content\/uploads\/2022\/11\/resultados_02-1024x499.jpg\" alt=\"\" class=\"wp-image-3763\" srcset=\"https:\/\/www.tmlmobilidade.pt\/wp-content\/uploads\/2022\/11\/resultados_02-1024x499.jpg 1024w, https:\/\/www.tmlmobilidade.pt\/wp-content\/uploads\/2022\/11\/resultados_02-300x146.jpg 300w, https:\/\/www.tmlmobilidade.pt\/wp-content\/uploads\/2022\/11\/resultados_02-768x374.jpg 768w, https:\/\/www.tmlmobilidade.pt\/wp-content\/uploads\/2022\/11\/resultados_02.jpg 1088w\" sizes=\"(max-width: 1024px) 100vw, 1024px\" \/><\/figure>\n\n\n\n<figure class=\"wp-block-image size-large\"><img loading=\"lazy\" width=\"1024\" height=\"499\" src=\"https:\/\/www.tmlmobilidade.pt\/wp-content\/uploads\/2022\/11\/resultados_03-1024x499.jpg\" alt=\"\" class=\"wp-image-3764\" srcset=\"https:\/\/www.tmlmobilidade.pt\/wp-content\/uploads\/2022\/11\/resultados_03-1024x499.jpg 1024w, https:\/\/www.tmlmobilidade.pt\/wp-content\/uploads\/2022\/11\/resultados_03-300x146.jpg 300w, https:\/\/www.tmlmobilidade.pt\/wp-content\/uploads\/2022\/11\/resultados_03-768x374.jpg 768w, https:\/\/www.tmlmobilidade.pt\/wp-content\/uploads\/2022\/11\/resultados_03.jpg 1088w\" sizes=\"(max-width: 1024px) 100vw, 1024px\" \/><\/figure>\n\n\n\n<figure class=\"wp-block-image size-large\"><img loading=\"lazy\" width=\"1024\" height=\"425\" src=\"https:\/\/www.tmlmobilidade.pt\/wp-content\/uploads\/2022\/11\/resultados_04-1024x425.jpg\" alt=\"\" class=\"wp-image-3765\" srcset=\"https:\/\/www.tmlmobilidade.pt\/wp-content\/uploads\/2022\/11\/resultados_04-1024x425.jpg 1024w, https:\/\/www.tmlmobilidade.pt\/wp-content\/uploads\/2022\/11\/resultados_04-300x125.jpg 300w, https:\/\/www.tmlmobilidade.pt\/wp-content\/uploads\/2022\/11\/resultados_04-768x319.jpg 768w, https:\/\/www.tmlmobilidade.pt\/wp-content\/uploads\/2022\/11\/resultados_04.jpg 1088w\" sizes=\"(max-width: 1024px) 100vw, 1024px\" \/><\/figure>\n\n\n\n<figure class=\"wp-block-image size-large\"><img loading=\"lazy\" width=\"1024\" height=\"386\" src=\"https:\/\/www.tmlmobilidade.pt\/wp-content\/uploads\/2022\/11\/resultados_05-1024x386.jpg\" alt=\"\" class=\"wp-image-3766\" srcset=\"https:\/\/www.tmlmobilidade.pt\/wp-content\/uploads\/2022\/11\/resultados_05-1024x386.jpg 1024w, https:\/\/www.tmlmobilidade.pt\/wp-content\/uploads\/2022\/11\/resultados_05-300x113.jpg 300w, https:\/\/www.tmlmobilidade.pt\/wp-content\/uploads\/2022\/11\/resultados_05-768x289.jpg 768w, https:\/\/www.tmlmobilidade.pt\/wp-content\/uploads\/2022\/11\/resultados_05.jpg 1088w\" sizes=\"(max-width: 1024px) 100vw, 1024px\" \/><\/figure>\n\n\n\n<figure class=\"wp-block-image size-large\"><img loading=\"lazy\" width=\"1024\" height=\"664\" src=\"https:\/\/www.tmlmobilidade.pt\/wp-content\/uploads\/2022\/11\/resultados_06-1024x664.jpg\" alt=\"\" class=\"wp-image-3767\" srcset=\"https:\/\/www.tmlmobilidade.pt\/wp-content\/uploads\/2022\/11\/resultados_06-1024x664.jpg 1024w, https:\/\/www.tmlmobilidade.pt\/wp-content\/uploads\/2022\/11\/resultados_06-300x195.jpg 300w, https:\/\/www.tmlmobilidade.pt\/wp-content\/uploads\/2022\/11\/resultados_06-768x498.jpg 768w, https:\/\/www.tmlmobilidade.pt\/wp-content\/uploads\/2022\/11\/resultados_06.jpg 1088w\" sizes=\"(max-width: 1024px) 100vw, 1024px\" \/><\/figure>\n\n\n\n<p><strong>Como chegamos aqui?<\/strong><\/p>\n\n\n\n<p>Pensado, distribu\u00eddo e preenchido pelas fam\u00edlias no Hospital da Bonecada, em Vila Franca de Xira, o Quizz navegante foi criado para facilitar o contacto direto das fam\u00edlias com o universo TML, nomeadamente com as novas l\u00f3gicas de numera\u00e7\u00e3o, convers\u00e3o e tipologia de linha da Carris Metropolitana assim como com os tarif\u00e1rios e diferentes cart\u00f5es navegante.<\/p>\n\n\n\n<p>De resto, a menos de um m\u00eas do arranque da opera\u00e7\u00e3o da Carris Metropolitana nos concelhos da margem norte da \u00c1rea Metropolitana de Lisboa, a TML associou-se aos estudantes da Faculdade de Ci\u00eancias M\u00e9dicas da Universidade Nova de Lisboa e ao munic\u00edpio de Vila Franca de Xira para promover a mobilidade sustent\u00e1vel na 21\u00ba edi\u00e7\u00e3o do Hospital da Bonecada.<\/p>\n\n\n\n<p><\/p>\n\n\n\n<p><\/p>\n","protected":false},"excerpt":{"rendered":"<p>O carro dos pais continua a ser o meio de transporte mais utilizado pelos mais novos para chegar \u00e0 escola com mais de metade das crian\u00e7as que responderam ao Quizz navegante a assumi-lo. Criado para familiarizar os mais novos e os pais com o universo da Transportes Metropolitanos de Lisboa (TML), Carris Metropolitana e navegante,<a class=\"excerpt-read-more\" href=\"https:\/\/www.tmlmobilidade.pt\/en\/comunicacao\/noticias\/maioria-das-criancas-so-usa-transportes-as-vezes\/\" title=\"ReadMaioria das crian\u00e7as s\u00f3 usa transportes \u201c\u00e0s vezes\u201d\">&#8230; Read more &raquo;<\/a><\/p>\n","protected":false},"author":1,"featured_media":0,"comment_status":"closed","ping_status":"closed","sticky":false,"template":"","format":"standard","meta":[],"categories":[47],"tags":[],"acf":[],"_links":{"self":[{"href":"https:\/\/www.tmlmobilidade.pt\/en\/wp-json\/wp\/v2\/posts\/3761"}],"collection":[{"href":"https:\/\/www.tmlmobilidade.pt\/en\/wp-json\/wp\/v2\/posts"}],"about":[{"href":"https:\/\/www.tmlmobilidade.pt\/en\/wp-json\/wp\/v2\/types\/post"}],"author":[{"embeddable":true,"href":"https:\/\/www.tmlmobilidade.pt\/en\/wp-json\/wp\/v2\/users\/1"}],"replies":[{"embeddable":true,"href":"https:\/\/www.tmlmobilidade.pt\/en\/wp-json\/wp\/v2\/comments?post=3761"}],"version-history":[{"count":10,"href":"https:\/\/www.tmlmobilidade.pt\/en\/wp-json\/wp\/v2\/posts\/3761\/revisions"}],"predecessor-version":[{"id":3781,"href":"https:\/\/www.tmlmobilidade.pt\/en\/wp-json\/wp\/v2\/posts\/3761\/revisions\/3781"}],"wp:attachment":[{"href":"https:\/\/www.tmlmobilidade.pt\/en\/wp-json\/wp\/v2\/media?parent=3761"}],"wp:term":[{"taxonomy":"category","embeddable":true,"href":"https:\/\/www.tmlmobilidade.pt\/en\/wp-json\/wp\/v2\/categories?post=3761"},{"taxonomy":"post_tag","embeddable":true,"href":"https:\/\/www.tmlmobilidade.pt\/en\/wp-json\/wp\/v2\/tags?post=3761"}],"curies":[{"name":"wp","href":"https:\/\/api.w.org\/{rel}","templated":true}]}}