{"id":3755,"date":"2022-11-23T19:13:13","date_gmt":"2022-11-23T19:13:13","guid":{"rendered":"https:\/\/www.tmlmobilidade.pt\/?p=3755"},"modified":"2022-12-20T14:56:42","modified_gmt":"2022-12-20T14:56:42","slug":"taxa-de-atualizacao-tarifaria-aprovada-pela-area-metropolitana-de-lisboa-para-2023","status":"publish","type":"post","link":"https:\/\/www.tmlmobilidade.pt\/en\/comunicacao\/noticias\/taxa-de-atualizacao-tarifaria-aprovada-pela-area-metropolitana-de-lisboa-para-2023\/","title":{"rendered":"Taxa de Atualiza\u00e7\u00e3o Tarif\u00e1ria aprovada pela \u00c1rea Metropolitana de Lisboa para 2023"},"content":{"rendered":"\n<p>Tendo em conta:<\/p>\n\n\n\n<ul><li>a decis\u00e3o do Governo conforme Resolu\u00e7\u00e3o do Conselho de Ministros n.\u00ba 74-A\/2022, de 6 de setembro, de n\u00e3o aumento do pre\u00e7o dos Passes, aplic\u00e1vel aos t\u00edtulos Navegantes como medida excecional de mitiga\u00e7\u00e3o dos efeitos da infla\u00e7\u00e3o, o que permite atender \u00e0 atual situa\u00e7\u00e3o econ\u00f3mica e cumprir o objetivo de minimiza\u00e7\u00e3o dos impactos nos rendimentos das fam\u00edlias;<\/li><li>a Taxa de Atualiza\u00e7\u00e3o Tarif\u00e1ria definida pela Autoridade da Mobilidade e dos Transportes a vigorar a partir de 1 de janeiro de 2023, de 6,11%;<\/li><li>o recente in\u00edcio da opera\u00e7\u00e3o da Carris Metropolitana (\u00c1rea 4 em junho de 2022, \u00c1rea 3 em julho, \u00c1reas 1 e 2 em janeiro de 2023), com defini\u00e7\u00e3o e implementa\u00e7\u00e3o de um novo sistema tarif\u00e1rio para os t\u00edtulos ocasionais;<\/li><li>e, finalmente, o objetivo de promo\u00e7\u00e3o da utiliza\u00e7\u00e3o dos transportes p\u00fablicos coletivos, preconizado para a \u00e1rea metropolitana de Lisboa.<\/li><\/ul>\n\n\n\n<p>A \u00c1rea Metropolitana de Lisboa decidiu:<\/p>\n\n\n\n<ol type=\"1\"><li>Considerar o valor da <strong>Taxa de Atualiza\u00e7\u00e3o Tarif\u00e1ria<\/strong> a vigorar para o ano de 2023 para os t\u00edtulos de transporte ocasionais de <strong>6,11%<\/strong>, conforme determinado pela Autoridade de Mobilidade e Transportes;<\/li><li><strong>N\u00e3o proceder ao aumento do pre\u00e7o de venda ao p\u00fablico dos t\u00edtulos ocasionais dos servi\u00e7os operados sob a marca Carris Metropolitana, que mant\u00e9m o valor de 2022<\/strong>.<\/li><\/ol>\n\n\n\n<p>Esta decis\u00e3o foi tomada ap\u00f3s ausculta\u00e7\u00e3o e articula\u00e7\u00e3o com as autoridades de transportes que tutelam servi\u00e7os de transporte regular na \u00e1rea metropolitana de Lisboa.<\/p>\n\n\n\n<p>Conforme decis\u00e3o do Governo acima referida, tamb\u00e9m <strong>n\u00e3o haver\u00e1 aumento dos pre\u00e7os de venda ao p\u00fablico dos passes do tarif\u00e1rio Navegante.<\/strong><\/p>\n\n\n\n<p>Tendo em conta a delega\u00e7\u00e3o e subdelega\u00e7\u00e3o de compet\u00eancias, a TML \u2013 Transportes Metropolitanos de Lisboa, ir\u00e1 aferir o cumprimento desta decis\u00e3o atrav\u00e9s da verifica\u00e7\u00e3o dos valores de venda ao p\u00fablico apresentados pelos operadores de transporte.<\/p>\n\n\n\n<p><strong>Lisboa, 15 de novembro de 2022<\/strong><\/p>\n\n\n\n<p><\/p>\n","protected":false},"excerpt":{"rendered":"<p>Tendo em conta: a decis\u00e3o do Governo conforme Resolu\u00e7\u00e3o do Conselho de Ministros n.\u00ba 74-A\/2022, de 6 de setembro, de n\u00e3o aumento do pre\u00e7o dos Passes, aplic\u00e1vel aos t\u00edtulos Navegantes como medida excecional de mitiga\u00e7\u00e3o dos efeitos da infla\u00e7\u00e3o, o que permite atender \u00e0 atual situa\u00e7\u00e3o econ\u00f3mica e cumprir o objetivo de minimiza\u00e7\u00e3o dos impactos<a class=\"excerpt-read-more\" href=\"https:\/\/www.tmlmobilidade.pt\/en\/comunicacao\/noticias\/taxa-de-atualizacao-tarifaria-aprovada-pela-area-metropolitana-de-lisboa-para-2023\/\" title=\"ReadTaxa de Atualiza\u00e7\u00e3o Tarif\u00e1ria aprovada pela \u00c1rea Metropolitana de Lisboa para 2023\">&#8230; Read more &raquo;<\/a><\/p>\n","protected":false},"author":3,"featured_media":0,"comment_status":"closed","ping_status":"closed","sticky":false,"template":"","format":"standard","meta":[],"categories":[47],"tags":[],"acf":[],"_links":{"self":[{"href":"https:\/\/www.tmlmobilidade.pt\/en\/wp-json\/wp\/v2\/posts\/3755"}],"collection":[{"href":"https:\/\/www.tmlmobilidade.pt\/en\/wp-json\/wp\/v2\/posts"}],"about":[{"href":"https:\/\/www.tmlmobilidade.pt\/en\/wp-json\/wp\/v2\/types\/post"}],"author":[{"embeddable":true,"href":"https:\/\/www.tmlmobilidade.pt\/en\/wp-json\/wp\/v2\/users\/3"}],"replies":[{"embeddable":true,"href":"https:\/\/www.tmlmobilidade.pt\/en\/wp-json\/wp\/v2\/comments?post=3755"}],"version-history":[{"count":2,"href":"https:\/\/www.tmlmobilidade.pt\/en\/wp-json\/wp\/v2\/posts\/3755\/revisions"}],"predecessor-version":[{"id":3760,"href":"https:\/\/www.tmlmobilidade.pt\/en\/wp-json\/wp\/v2\/posts\/3755\/revisions\/3760"}],"wp:attachment":[{"href":"https:\/\/www.tmlmobilidade.pt\/en\/wp-json\/wp\/v2\/media?parent=3755"}],"wp:term":[{"taxonomy":"category","embeddable":true,"href":"https:\/\/www.tmlmobilidade.pt\/en\/wp-json\/wp\/v2\/categories?post=3755"},{"taxonomy":"post_tag","embeddable":true,"href":"https:\/\/www.tmlmobilidade.pt\/en\/wp-json\/wp\/v2\/tags?post=3755"}],"curies":[{"name":"wp","href":"https:\/\/api.w.org\/{rel}","templated":true}]}}