{"id":3737,"date":"2022-11-17T10:53:18","date_gmt":"2022-11-17T10:53:18","guid":{"rendered":"https:\/\/www.tmlmobilidade.pt\/?p=3737"},"modified":"2023-05-17T12:02:17","modified_gmt":"2023-05-17T12:02:17","slug":"terminal-cacilhas-acessos-condicionados","status":"publish","type":"post","link":"https:\/\/www.tmlmobilidade.pt\/en\/comunicacao\/comunicados\/terminal-cacilhas-acessos-condicionados\/","title":{"rendered":"Terminal Cacilhas: acessos condicionados"},"content":{"rendered":"\n<p>Informamos que, devido \u00e0s obras de pavimenta\u00e7\u00e3o das vias de acesso ao Terminal de Cacilhas previstas&nbsp;<strong>entre 18 de novembro e 22 de novembro<\/strong>, as linhas da Carris Metropolitana, operadas pela Transportes Sul do Tejo (TST),&nbsp;<strong>poder\u00e3o sofrer atrasos nas chegadas e partidas, continuando, no entanto, os percursos e paragens a realizar-se como previsto. &nbsp;<\/strong><\/p>\n","protected":false},"excerpt":{"rendered":"<p>Informamos que, devido \u00e0s obras de pavimenta\u00e7\u00e3o das vias de acesso ao Terminal de Cacilhas previstas&nbsp;entre 18 de novembro e 22 de novembro, as linhas da Carris Metropolitana, operadas pela Transportes Sul do Tejo (TST),&nbsp;poder\u00e3o sofrer atrasos nas chegadas e partidas, continuando, no entanto, os percursos e paragens a realizar-se como previsto. &nbsp;<\/p>\n","protected":false},"author":1,"featured_media":0,"comment_status":"closed","ping_status":"closed","sticky":false,"template":"","format":"standard","meta":[],"categories":[102],"tags":[],"acf":[],"_links":{"self":[{"href":"https:\/\/www.tmlmobilidade.pt\/en\/wp-json\/wp\/v2\/posts\/3737"}],"collection":[{"href":"https:\/\/www.tmlmobilidade.pt\/en\/wp-json\/wp\/v2\/posts"}],"about":[{"href":"https:\/\/www.tmlmobilidade.pt\/en\/wp-json\/wp\/v2\/types\/post"}],"author":[{"embeddable":true,"href":"https:\/\/www.tmlmobilidade.pt\/en\/wp-json\/wp\/v2\/users\/1"}],"replies":[{"embeddable":true,"href":"https:\/\/www.tmlmobilidade.pt\/en\/wp-json\/wp\/v2\/comments?post=3737"}],"version-history":[{"count":5,"href":"https:\/\/www.tmlmobilidade.pt\/en\/wp-json\/wp\/v2\/posts\/3737\/revisions"}],"predecessor-version":[{"id":3743,"href":"https:\/\/www.tmlmobilidade.pt\/en\/wp-json\/wp\/v2\/posts\/3737\/revisions\/3743"}],"wp:attachment":[{"href":"https:\/\/www.tmlmobilidade.pt\/en\/wp-json\/wp\/v2\/media?parent=3737"}],"wp:term":[{"taxonomy":"category","embeddable":true,"href":"https:\/\/www.tmlmobilidade.pt\/en\/wp-json\/wp\/v2\/categories?post=3737"},{"taxonomy":"post_tag","embeddable":true,"href":"https:\/\/www.tmlmobilidade.pt\/en\/wp-json\/wp\/v2\/tags?post=3737"}],"curies":[{"name":"wp","href":"https:\/\/api.w.org\/{rel}","templated":true}]}}