{"id":3682,"date":"2022-10-31T18:35:40","date_gmt":"2022-10-31T18:35:40","guid":{"rendered":"https:\/\/www.tmlmobilidade.pt\/?p=3682"},"modified":"2022-11-02T10:29:35","modified_gmt":"2022-11-02T10:29:35","slug":"renovacao-gratuitidade-antigos-combatentes","status":"publish","type":"post","link":"https:\/\/www.tmlmobilidade.pt\/en\/comunicacao\/noticias\/renovacao-gratuitidade-antigos-combatentes\/","title":{"rendered":"J\u00e1 \u00e9 poss\u00edvel proceder \u00e0 renova\u00e7\u00e3o da gratuitidade para Antigos Combatentes"},"content":{"rendered":"\n<p>Est\u00e1 a aproximar-se a data para a reativa\u00e7\u00e3o da gratuitidade oferecida aos ex-combatentes e vi\u00favas de ex-combatentes. Para poder continuar a viajar nos transportes p\u00fablicos da \u00c1rea Metropolitana de Lisboa ap\u00f3s o dia 06 de novembro, os aderentes dever\u00e3o reativar eletronicamente o seu cart\u00e3o navegante\u00ae num dos espa\u00e7os de atendimento ao cliente, podendo adicionalmente carregar o passe para o m\u00eas de dezembro.<\/p>\n\n\n\n<p>Com o objetivo de simplificar este procedimento, alcan\u00e7amos agora a possibilidade de proceder \u00e0 reativa\u00e7\u00e3o sem obriga\u00e7\u00e3o de entrega de nova documenta\u00e7\u00e3o, bastando dirigir-se a um espa\u00e7o de atendimento ao cliente para realizar a reativa\u00e7\u00e3o do cart\u00e3o e o carregamento do passe navegante.<\/p>\n\n\n\n<p>Recordamos que o carregamento do passe mensal \u00e9 obrigat\u00f3rio, devendo continuar a realiz\u00e1-lo todos os meses para usufruir da gratuitidade.<\/p>\n\n\n\n<p>Saiba quais os locais onde proceder \u00e0 reativa\u00e7\u00e3o e ao carregamento do seu cart\u00e3o navegante\u00ae:<\/p>\n\n\n\n<p><\/p>\n\n\n\n<div class=\"wp-block-columns\">\n<div class=\"wp-block-column\" style=\"flex-basis:100%\">\n<div class=\"wp-block-columns\">\n<div class=\"wp-block-column\" style=\"flex-basis:100%\">\n<div class=\"wp-container-69f496c0e90ed wp-block-group\"><div class=\"wp-block-group__inner-container\">\n<div class=\"wp-block-columns\">\n<div class=\"wp-block-column\" style=\"flex-basis:100%\">\n<div class=\"wp-container-69f496c0e8e7b wp-block-group\"><div class=\"wp-block-group__inner-container\">\n<div class=\"wp-block-columns\">\n<div class=\"wp-block-column\" style=\"flex-basis:100%\">\n<figure class=\"wp-block-table is-style-stripes\"><table><tbody><tr><td><strong>Operador<\/strong><\/td><td><strong>Locais de ades\u00e3o e carregamento do passe<\/strong><\/td><\/tr><tr><td><strong>Carris<\/strong><\/td><td><strong>Ades\u00e3o <\/strong>e <strong>carregamento<\/strong> &#8211; Loja do cidad\u00e3o do Saldanha, Loja de Santo Amaro e Loja do Arco do Cego<br><\/td><\/tr><tr><td><strong>Carris Metropolitana<\/strong><\/td><td><strong>Ades\u00e3o e carregamento<\/strong> &#8211; em qualquer espa\u00e7o navegante Carris Metropolitana<br><\/td><\/tr><tr><td><strong>Barraqueiro<\/strong><\/td><td><strong>Ades\u00e3o e carregamento<\/strong> &#8211; Lojas de Mafra e Malveira<br><strong>Carregamento <\/strong>&#8211; Parque intermodal de Mafra e Ericeira, Interface do Campo Grande e Terminal rodovi\u00e1rio de Vila Franca de Xira<br><\/td><\/tr><tr><td><strong>CP &#8211; Comboios de Portugal<\/strong><\/td><td><strong>Ades\u00e3o<\/strong> &#8211; Gabinetes de Apoio ao Cliente do Cais do Sodr\u00e9 e do Rossio<br><strong>Carregamento<\/strong> &#8211; Bilheteiras e m\u00e1quinas de venda autom\u00e1tica<br><\/td><\/tr><tr><td><strong>Fertagus<\/strong><\/td><td><strong>Ades\u00e3o<\/strong> &#8211; Esta\u00e7\u00e3o do Pragal<br><strong>Carregamento<\/strong> &#8211; Todas as esta\u00e7\u00f5es<br><\/td><\/tr><tr><td><strong>Metropolitano de Lisboa<\/strong><\/td><td><strong>Ades\u00e3o e carregamento<\/strong> &#8211; espa\u00e7os cliente do Marqu\u00eas de Pombal e Campo Grande, Espa\u00e7os navegante Alameda e Entre Campos<br>Carregamento do passe &#8211; Postos de venda assistida<br><\/td><\/tr><tr><td><strong>Metro Transportes do Sul<\/strong><\/td><td><strong>Ades\u00e3o e Carregamento<\/strong> &#8211; PA de Almada, Cacilhas e Corroios<br><strong>Carregamento<\/strong> &#8211; rede de agentes<br><\/td><\/tr><tr><td><strong>Scotturb<\/strong><\/td><td><strong>Ades\u00e3o e carregamento <\/strong>&#8211; Gabinete de Apoio ao Cliente de Alcabideche (Adroana)<br><\/td><\/tr><tr><td><strong>Vimeca<\/strong><\/td><td><strong>Ades\u00e3o e carregamento<\/strong> &#8211; Postos de Amadora, Carnaxide e Queluz (4 caminhos)<br><strong>Carregamento<\/strong> &#8211; Postos do Bairro do Bosque,  Brandoa e Cac\u00e9m <br><\/td><\/tr><\/tbody><\/table><\/figure>\n<\/div>\n<\/div>\n<\/div><\/div>\n<\/div>\n<\/div>\n<\/div><\/div>\n<\/div>\n<\/div>\n<\/div>\n<\/div>\n\n\n\n<p>Esta opera\u00e7\u00e3o poder\u00e1 ser realizada desde j\u00e1, sem ter de aguardar pelo final do m\u00eas de novembro.<\/p>\n\n\n\n<p>Esperamos que esta simplifica\u00e7\u00e3o administrativa facilite a sua intera\u00e7\u00e3o com o nosso servi\u00e7o, e fomente a utiliza\u00e7\u00e3o do transporte p\u00fablico.<\/p>\n\n\n\n<p><\/p>\n\n\n\n<p><strong>Obrigado por viajar com o navegante.<\/strong><\/p>\n\n\n\n<p><\/p>\n\n\n\n<p><\/p>\n","protected":false},"excerpt":{"rendered":"<p>Est\u00e1 a aproximar-se a data para a reativa\u00e7\u00e3o da gratuitidade oferecida aos ex-combatentes e vi\u00favas de ex-combatentes. Para poder continuar a viajar nos transportes p\u00fablicos da \u00c1rea Metropolitana de Lisboa ap\u00f3s o dia 06 de novembro, os aderentes dever\u00e3o reativar eletronicamente o seu cart\u00e3o navegante\u00ae num dos espa\u00e7os de atendimento ao cliente, podendo adicionalmente carregar<a class=\"excerpt-read-more\" href=\"https:\/\/www.tmlmobilidade.pt\/en\/comunicacao\/noticias\/renovacao-gratuitidade-antigos-combatentes\/\" title=\"ReadJ\u00e1 \u00e9 poss\u00edvel proceder \u00e0 renova\u00e7\u00e3o da gratuitidade para Antigos Combatentes\">&#8230; Read more &raquo;<\/a><\/p>\n","protected":false},"author":3,"featured_media":0,"comment_status":"closed","ping_status":"closed","sticky":false,"template":"","format":"standard","meta":[],"categories":[47],"tags":[],"acf":[],"_links":{"self":[{"href":"https:\/\/www.tmlmobilidade.pt\/en\/wp-json\/wp\/v2\/posts\/3682"}],"collection":[{"href":"https:\/\/www.tmlmobilidade.pt\/en\/wp-json\/wp\/v2\/posts"}],"about":[{"href":"https:\/\/www.tmlmobilidade.pt\/en\/wp-json\/wp\/v2\/types\/post"}],"author":[{"embeddable":true,"href":"https:\/\/www.tmlmobilidade.pt\/en\/wp-json\/wp\/v2\/users\/3"}],"replies":[{"embeddable":true,"href":"https:\/\/www.tmlmobilidade.pt\/en\/wp-json\/wp\/v2\/comments?post=3682"}],"version-history":[{"count":15,"href":"https:\/\/www.tmlmobilidade.pt\/en\/wp-json\/wp\/v2\/posts\/3682\/revisions"}],"predecessor-version":[{"id":3702,"href":"https:\/\/www.tmlmobilidade.pt\/en\/wp-json\/wp\/v2\/posts\/3682\/revisions\/3702"}],"wp:attachment":[{"href":"https:\/\/www.tmlmobilidade.pt\/en\/wp-json\/wp\/v2\/media?parent=3682"}],"wp:term":[{"taxonomy":"category","embeddable":true,"href":"https:\/\/www.tmlmobilidade.pt\/en\/wp-json\/wp\/v2\/categories?post=3682"},{"taxonomy":"post_tag","embeddable":true,"href":"https:\/\/www.tmlmobilidade.pt\/en\/wp-json\/wp\/v2\/tags?post=3682"}],"curies":[{"name":"wp","href":"https:\/\/api.w.org\/{rel}","templated":true}]}}