{"id":3264,"date":"2022-07-04T13:26:55","date_gmt":"2022-07-04T13:26:55","guid":{"rendered":"https:\/\/www.tmlmobilidade.pt\/?p=3264"},"modified":"2022-07-04T13:26:57","modified_gmt":"2022-07-04T13:26:57","slug":"vimeca-gabinete-de-apoio-ao-cliente","status":"publish","type":"post","link":"https:\/\/www.tmlmobilidade.pt\/en\/comunicacao\/comunicados\/vimeca-gabinete-de-apoio-ao-cliente\/","title":{"rendered":"VIMECA (Encerramento Gabinete de Apoio ao Cliente &#8211; Queluz de Baixo)"},"content":{"rendered":"\n<p>O gabinete de apoio ao cliente da VIMECA, que se localiza na sede da empresa, encerrou.<\/p>\n\n\n\n<p>Para resolu\u00e7\u00e3o de problemas e emiss\u00e3o de cart\u00f5es, poder\u00e1 dirigir-se ao Posto da Amadora (Esta\u00e7\u00e3o) ou de Carnaxide.<\/p>\n\n\n\n<p>Para mais informa\u00e7\u00f5es, dever\u00e1 contactar o n\u00ba 214 357 472 ou atrav\u00e9s <a href=\"https:\/\/www.vimeca.pt\/apoio-ao-cliente\/contacte-nos.html\" target=\"_blank\" rel=\"noreferrer noopener\">deste <\/a>formul\u00e1rio.<\/p>\n","protected":false},"excerpt":{"rendered":"<p>O gabinete de apoio ao cliente da VIMECA, que se localiza na sede da empresa, encerrou. Para resolu\u00e7\u00e3o de problemas e emiss\u00e3o de cart\u00f5es, poder\u00e1 dirigir-se ao Posto da Amadora (Esta\u00e7\u00e3o) ou de Carnaxide. Para mais informa\u00e7\u00f5es, dever\u00e1 contactar o n\u00ba 214 357 472 ou atrav\u00e9s deste formul\u00e1rio.<\/p>\n","protected":false},"author":2,"featured_media":0,"comment_status":"closed","ping_status":"closed","sticky":false,"template":"","format":"standard","meta":[],"categories":[102],"tags":[],"acf":[],"_links":{"self":[{"href":"https:\/\/www.tmlmobilidade.pt\/en\/wp-json\/wp\/v2\/posts\/3264"}],"collection":[{"href":"https:\/\/www.tmlmobilidade.pt\/en\/wp-json\/wp\/v2\/posts"}],"about":[{"href":"https:\/\/www.tmlmobilidade.pt\/en\/wp-json\/wp\/v2\/types\/post"}],"author":[{"embeddable":true,"href":"https:\/\/www.tmlmobilidade.pt\/en\/wp-json\/wp\/v2\/users\/2"}],"replies":[{"embeddable":true,"href":"https:\/\/www.tmlmobilidade.pt\/en\/wp-json\/wp\/v2\/comments?post=3264"}],"version-history":[{"count":2,"href":"https:\/\/www.tmlmobilidade.pt\/en\/wp-json\/wp\/v2\/posts\/3264\/revisions"}],"predecessor-version":[{"id":3266,"href":"https:\/\/www.tmlmobilidade.pt\/en\/wp-json\/wp\/v2\/posts\/3264\/revisions\/3266"}],"wp:attachment":[{"href":"https:\/\/www.tmlmobilidade.pt\/en\/wp-json\/wp\/v2\/media?parent=3264"}],"wp:term":[{"taxonomy":"category","embeddable":true,"href":"https:\/\/www.tmlmobilidade.pt\/en\/wp-json\/wp\/v2\/categories?post=3264"},{"taxonomy":"post_tag","embeddable":true,"href":"https:\/\/www.tmlmobilidade.pt\/en\/wp-json\/wp\/v2\/tags?post=3264"}],"curies":[{"name":"wp","href":"https:\/\/api.w.org\/{rel}","templated":true}]}}