{"id":3187,"date":"2022-06-30T14:10:15","date_gmt":"2022-06-30T14:10:15","guid":{"rendered":"https:\/\/www.tmlmobilidade.pt\/?p=3187"},"modified":"2026-01-26T12:16:47","modified_gmt":"2026-01-26T12:16:47","slug":"obrigacoes-de-reporte-e-publicitacao","status":"publish","type":"post","link":"https:\/\/www.tmlmobilidade.pt\/en\/mobilidade-e-transportes\/autoridade-de-transportes\/obrigacoes-de-reporte-e-publicitacao\/","title":{"rendered":"Obriga\u00e7\u00f5es de reporte e publicita\u00e7\u00e3o"},"content":{"rendered":"\n<p>Em cumprimento do Regulamento (CE) n\u00ba 1370\/2007<\/p>\n\n\n\n<p class=\"has-medium-font-size\"><a href=\"https:\/\/www.tmlmobilidade.pt\/0\/relatorio-2024\/\" data-type=\"URL\" data-id=\"https:\/\/www.tmlmobilidade.pt\/0\/relatorio-2024\/\">Relat\u00f3rio de 2024<\/a><\/p>\n\n\n\n<p class=\"has-medium-font-size\"><a href=\"https:\/\/www.tmlmobilidade.pt\/0\/relatorio-2023\/\" data-type=\"URL\" data-id=\"https:\/\/www.tmlmobilidade.pt\/0\/relatorio-2023\/\">Relat\u00f3rio de 2023<\/a><\/p>\n\n\n\n<p class=\"has-medium-font-size\"><a href=\"https:\/\/www.tmlmobilidade.pt\/0\/relatorio-2022\/\" data-type=\"post\" data-id=\"4361\">Relat\u00f3rio de 2022<\/a><\/p>\n\n\n\n<p class=\"has-medium-font-size\"><a href=\"https:\/\/www.tmlmobilidade.pt\/0\/relatorio-2021\/\" target=\"_blank\" rel=\"noreferrer noopener\">Relat\u00f3rio de 2021<\/a><\/p>\n\n\n\n<p class=\"has-medium-font-size\"><a href=\"https:\/\/www.tmlmobilidade.pt\/0\/relatorio-de-2020\/\" target=\"_blank\" rel=\"noreferrer noopener\">Relat\u00f3rio de 2020<\/a><\/p>\n\n\n\n<p class=\"has-medium-font-size\"><a rel=\"noreferrer noopener\" href=\"https:\/\/www.tmlmobilidade.pt\/0\/relatorio-de-2016-a-2019\/\" target=\"_blank\">Relat\u00f3rio de 2016 a 2019<\/a><\/p>\n\n\n\n<p><br><\/p>\n\n\n\n<p>Em cumprimento da Lei n\u00ba 64\/2013<\/p>\n\n\n\n<p class=\"has-medium-font-size\"><a href=\"https:\/\/www.tmlmobilidade.pt\/wp-content\/uploads\/2026\/01\/Subvencoes-publicas_site_2025.pdf\" data-type=\"URL\" data-id=\"https:\/\/www.tmlmobilidade.pt\/wp-content\/uploads\/2026\/01\/Subvencoes-publicas_site_2025.pdf\">Subven\u00e7\u00f5es atribu\u00eddas em 2025<\/a><\/p>\n\n\n\n<p class=\"has-medium-font-size\"><a href=\"https:\/\/www.tmlmobilidade.pt\/wp-content\/uploads\/2025\/02\/Subvencoes-publicas_2024.pdf\" data-type=\"URL\" data-id=\"https:\/\/www.tmlmobilidade.pt\/wp-content\/uploads\/2025\/02\/Subvencoes-publicas_2024.pdf\">Subven\u00e7\u00f5es atribu\u00eddas em 2024<\/a><\/p>\n\n\n\n<p class=\"has-medium-font-size\">S<a href=\"https:\/\/www.tmlmobilidade.pt\/wp-content\/uploads\/2025\/02\/Subvencoes-publicas_2023.pdf\" data-type=\"URL\" data-id=\"https:\/\/www.tmlmobilidade.pt\/wp-content\/uploads\/2025\/02\/Subvencoes-publicas_2023.pdf\">ubven\u00e7\u00f5es atribu\u00eddas em 2023<\/a><\/p>\n\n\n\n<p class=\"has-medium-font-size\"><a href=\"https:\/\/www.tmlmobilidade.pt\/wp-content\/uploads\/2025\/02\/Subvencoes-publicas_2022.pdf\" data-type=\"URL\" data-id=\"https:\/\/www.tmlmobilidade.pt\/wp-content\/uploads\/2025\/02\/Subvencoes-publicas_2022.pdf\">Subven\u00e7\u00f5es atribu\u00eddas em 2022<\/a><\/p>\n\n\n\n<p class=\"has-medium-font-size\"><a href=\"https:\/\/www.tmlmobilidade.pt\/wp-content\/uploads\/2025\/02\/Subvencoes-publicas_2021.pdf\" data-type=\"URL\" data-id=\"https:\/\/www.tmlmobilidade.pt\/wp-content\/uploads\/2025\/02\/Subvencoes-publicas_2021.pdf\">Subven\u00e7\u00f5es atribu\u00eddas em 2021<\/a><\/p>\n\n\n\n<p><\/p>\n","protected":false},"excerpt":{"rendered":"<p>Em cumprimento do Regulamento (CE) n\u00ba 1370\/2007 Relat\u00f3rio de 2024 Relat\u00f3rio de 2023 Relat\u00f3rio de 2022 Relat\u00f3rio de 2021 Relat\u00f3rio de 2020 Relat\u00f3rio de 2016 a 2019 Em cumprimento da Lei n\u00ba 64\/2013 Subven\u00e7\u00f5es atribu\u00eddas em 2025 Subven\u00e7\u00f5es atribu\u00eddas em 2024 Subven\u00e7\u00f5es atribu\u00eddas em 2023 Subven\u00e7\u00f5es atribu\u00eddas em 2022 Subven\u00e7\u00f5es atribu\u00eddas em 2021<\/p>\n","protected":false},"author":2,"featured_media":0,"comment_status":"closed","ping_status":"closed","sticky":false,"template":"","format":"link","meta":[],"categories":[92],"tags":[],"acf":[],"_links":{"self":[{"href":"https:\/\/www.tmlmobilidade.pt\/en\/wp-json\/wp\/v2\/posts\/3187"}],"collection":[{"href":"https:\/\/www.tmlmobilidade.pt\/en\/wp-json\/wp\/v2\/posts"}],"about":[{"href":"https:\/\/www.tmlmobilidade.pt\/en\/wp-json\/wp\/v2\/types\/post"}],"author":[{"embeddable":true,"href":"https:\/\/www.tmlmobilidade.pt\/en\/wp-json\/wp\/v2\/users\/2"}],"replies":[{"embeddable":true,"href":"https:\/\/www.tmlmobilidade.pt\/en\/wp-json\/wp\/v2\/comments?post=3187"}],"version-history":[{"count":47,"href":"https:\/\/www.tmlmobilidade.pt\/en\/wp-json\/wp\/v2\/posts\/3187\/revisions"}],"predecessor-version":[{"id":6603,"href":"https:\/\/www.tmlmobilidade.pt\/en\/wp-json\/wp\/v2\/posts\/3187\/revisions\/6603"}],"wp:attachment":[{"href":"https:\/\/www.tmlmobilidade.pt\/en\/wp-json\/wp\/v2\/media?parent=3187"}],"wp:term":[{"taxonomy":"category","embeddable":true,"href":"https:\/\/www.tmlmobilidade.pt\/en\/wp-json\/wp\/v2\/categories?post=3187"},{"taxonomy":"post_tag","embeddable":true,"href":"https:\/\/www.tmlmobilidade.pt\/en\/wp-json\/wp\/v2\/tags?post=3187"}],"curies":[{"name":"wp","href":"https:\/\/api.w.org\/{rel}","templated":true}]}}