{"id":3169,"date":"2022-06-28T09:56:26","date_gmt":"2022-06-28T09:56:26","guid":{"rendered":"https:\/\/www.tmlmobilidade.pt\/?p=3169"},"modified":"2026-03-31T09:15:43","modified_gmt":"2026-03-31T09:15:43","slug":"recursos-humanos","status":"publish","type":"post","link":"https:\/\/www.tmlmobilidade.pt\/en\/sobre-a-tml\/instrumentos-de-gestao\/recursos-humanos\/","title":{"rendered":"Recursos Humanos"},"content":{"rendered":"\n<p>N\u00famero de trabalhadores, desagregado segundo a modalidade de vincula\u00e7\u00e3o<\/p>\n\n\n\n<figure class=\"wp-block-table is-style-stripes\"><table><tbody><tr><td><strong>Modalidade de Vincula\u00e7\u00e3o<\/strong><\/td><td><strong>N\u00famero de Trabalhadores\/as<\/strong><\/td><\/tr><tr><td>Contrato Individual de Trabalho &#8211; Sem termo<\/td><td>124<\/td><\/tr><tr><td>Contrato Individual de Trabalho &#8211; Termo Certo<\/td><td>0<\/td><\/tr><tr><td>Contrato de trabalho em Comiss\u00e3o de Servi\u00e7o<\/td><td>3<\/td><\/tr><tr><td>Acordo de Ced\u00eancia de Interesse P\u00fablico &#8211; Contrato de trabalho em fun\u00e7\u00f5es p\u00fablicas<\/td><td>12<\/td><\/tr><tr><td>Gestor P\u00fablico<\/td><td>5<\/td><\/tr><tr><td><strong>TOTAL<\/strong><\/td><td>144<\/td><\/tr><\/tbody><\/table><figcaption>Informa\u00e7\u00e3o atualizada com n\u00fameros \u00e0 data\u00a0de\u00a031 de mar\u00e7o de 2026.<\/figcaption><\/figure>\n\n\n\n<p><\/p>\n","protected":false},"excerpt":{"rendered":"<p>N\u00famero de trabalhadores, desagregado segundo a modalidade de vincula\u00e7\u00e3o Modalidade de Vincula\u00e7\u00e3o N\u00famero de Trabalhadores\/as Contrato Individual de Trabalho &#8211; Sem termo 124 Contrato Individual de Trabalho &#8211; Termo Certo 0 Contrato de trabalho em Comiss\u00e3o de Servi\u00e7o 3 Acordo de Ced\u00eancia de Interesse P\u00fablico &#8211; Contrato de trabalho em fun\u00e7\u00f5es p\u00fablicas 12 Gestor P\u00fablico<a class=\"excerpt-read-more\" href=\"https:\/\/www.tmlmobilidade.pt\/en\/sobre-a-tml\/instrumentos-de-gestao\/recursos-humanos\/\" title=\"ReadRecursos Humanos\">&#8230; Read more &raquo;<\/a><\/p>\n","protected":false},"author":2,"featured_media":0,"comment_status":"closed","ping_status":"closed","sticky":false,"template":"","format":"standard","meta":[],"categories":[39],"tags":[],"acf":[],"_links":{"self":[{"href":"https:\/\/www.tmlmobilidade.pt\/en\/wp-json\/wp\/v2\/posts\/3169"}],"collection":[{"href":"https:\/\/www.tmlmobilidade.pt\/en\/wp-json\/wp\/v2\/posts"}],"about":[{"href":"https:\/\/www.tmlmobilidade.pt\/en\/wp-json\/wp\/v2\/types\/post"}],"author":[{"embeddable":true,"href":"https:\/\/www.tmlmobilidade.pt\/en\/wp-json\/wp\/v2\/users\/2"}],"replies":[{"embeddable":true,"href":"https:\/\/www.tmlmobilidade.pt\/en\/wp-json\/wp\/v2\/comments?post=3169"}],"version-history":[{"count":42,"href":"https:\/\/www.tmlmobilidade.pt\/en\/wp-json\/wp\/v2\/posts\/3169\/revisions"}],"predecessor-version":[{"id":6776,"href":"https:\/\/www.tmlmobilidade.pt\/en\/wp-json\/wp\/v2\/posts\/3169\/revisions\/6776"}],"wp:attachment":[{"href":"https:\/\/www.tmlmobilidade.pt\/en\/wp-json\/wp\/v2\/media?parent=3169"}],"wp:term":[{"taxonomy":"category","embeddable":true,"href":"https:\/\/www.tmlmobilidade.pt\/en\/wp-json\/wp\/v2\/categories?post=3169"},{"taxonomy":"post_tag","embeddable":true,"href":"https:\/\/www.tmlmobilidade.pt\/en\/wp-json\/wp\/v2\/tags?post=3169"}],"curies":[{"name":"wp","href":"https:\/\/api.w.org\/{rel}","templated":true}]}}