{"id":3164,"date":"2022-06-30T09:00:00","date_gmt":"2022-06-30T09:00:00","guid":{"rendered":"https:\/\/www.tmlmobilidade.pt\/?p=3164"},"modified":"2022-06-29T08:42:05","modified_gmt":"2022-06-29T08:42:05","slug":"vimeca-corte-transito-world-bike-tour","status":"publish","type":"post","link":"https:\/\/www.tmlmobilidade.pt\/en\/comunicacao\/comunicados\/vimeca-corte-transito-world-bike-tour\/","title":{"rendered":"VIMECA &#8211; Corte Tr\u00e2nsito (World Bike Tour)"},"content":{"rendered":"\n<p>Pelo facto de se realizar a prova &#8220;World Bike Tour 2022&#8221; no dia 3 de julho, entre as 11:00  e as 16:00, e em ir\u00e1 ocorrer um corte tr\u00e2nsito a realizar na Avenida da Marginal, no dia 3 de julho entre as 11:00 e as 16:00, para realiza\u00e7\u00e3o da prova \u201cWorld Bike Tour 2022\u201d<\/p>\n\n\n\n<p>Assim, a carreira 102 n\u00e3o poder\u00e1 servir o terminal da Cruz Quebrada, efetuando a invers\u00e3o de percurso na EN 6-3.<\/p>\n","protected":false},"excerpt":{"rendered":"<p>Pelo facto de se realizar a prova &#8220;World Bike Tour 2022&#8221; no dia 3 de julho, entre as 11:00 e as 16:00, e em ir\u00e1 ocorrer um corte tr\u00e2nsito a realizar na Avenida da Marginal, no dia 3 de julho entre as 11:00 e as 16:00, para realiza\u00e7\u00e3o da prova \u201cWorld Bike Tour 2022\u201d Assim,<a class=\"excerpt-read-more\" href=\"https:\/\/www.tmlmobilidade.pt\/en\/comunicacao\/comunicados\/vimeca-corte-transito-world-bike-tour\/\" title=\"ReadVIMECA &#8211; Corte Tr\u00e2nsito (World Bike Tour)\">&#8230; Read more &raquo;<\/a><\/p>\n","protected":false},"author":2,"featured_media":0,"comment_status":"closed","ping_status":"closed","sticky":false,"template":"","format":"standard","meta":[],"categories":[102],"tags":[],"acf":[],"_links":{"self":[{"href":"https:\/\/www.tmlmobilidade.pt\/en\/wp-json\/wp\/v2\/posts\/3164"}],"collection":[{"href":"https:\/\/www.tmlmobilidade.pt\/en\/wp-json\/wp\/v2\/posts"}],"about":[{"href":"https:\/\/www.tmlmobilidade.pt\/en\/wp-json\/wp\/v2\/types\/post"}],"author":[{"embeddable":true,"href":"https:\/\/www.tmlmobilidade.pt\/en\/wp-json\/wp\/v2\/users\/2"}],"replies":[{"embeddable":true,"href":"https:\/\/www.tmlmobilidade.pt\/en\/wp-json\/wp\/v2\/comments?post=3164"}],"version-history":[{"count":2,"href":"https:\/\/www.tmlmobilidade.pt\/en\/wp-json\/wp\/v2\/posts\/3164\/revisions"}],"predecessor-version":[{"id":3166,"href":"https:\/\/www.tmlmobilidade.pt\/en\/wp-json\/wp\/v2\/posts\/3164\/revisions\/3166"}],"wp:attachment":[{"href":"https:\/\/www.tmlmobilidade.pt\/en\/wp-json\/wp\/v2\/media?parent=3164"}],"wp:term":[{"taxonomy":"category","embeddable":true,"href":"https:\/\/www.tmlmobilidade.pt\/en\/wp-json\/wp\/v2\/categories?post=3164"},{"taxonomy":"post_tag","embeddable":true,"href":"https:\/\/www.tmlmobilidade.pt\/en\/wp-json\/wp\/v2\/tags?post=3164"}],"curies":[{"name":"wp","href":"https:\/\/api.w.org\/{rel}","templated":true}]}}