{"id":3053,"date":"2022-06-06T21:45:38","date_gmt":"2022-06-06T21:45:38","guid":{"rendered":"https:\/\/www.tmlmobilidade.pt\/?p=3053"},"modified":"2022-06-09T10:49:24","modified_gmt":"2022-06-09T10:49:24","slug":"carris-metropolitana-alteracao-de-percurso","status":"publish","type":"post","link":"https:\/\/www.tmlmobilidade.pt\/en\/comunicacao\/comunicados\/carris-metropolitana-alteracao-de-percurso\/","title":{"rendered":"Carris Metropolitana &#8211; Altera\u00e7\u00e3o de Percurso"},"content":{"rendered":"\n<p>Por efeitos do encerramento total da circula\u00e7\u00e3o rodovi\u00e1ria na Ponte Vasco da Gama, entre as 00:00 e as 06:00 do dia 08 de junho, os servi\u00e7os de transporte rodovi\u00e1rio de passageiros da Carris Metropolitana sofrer\u00e3o perturba\u00e7\u00f5es. Os servi\u00e7os em causa abrangem os Munic\u00edpios de Alcochete, Barreiro, Lisboa, Moita, Montijo, Palmela e Set\u00fabal.<\/p>\n","protected":false},"excerpt":{"rendered":"<p>Por efeitos do encerramento total da circula\u00e7\u00e3o rodovi\u00e1ria na Ponte Vasco da Gama, entre as 00:00 e as 06:00 do dia 08 de junho, os servi\u00e7os de transporte rodovi\u00e1rio de passageiros da Carris Metropolitana sofrer\u00e3o perturba\u00e7\u00f5es. Os servi\u00e7os em causa abrangem os Munic\u00edpios de Alcochete, Barreiro, Lisboa, Moita, Montijo, Palmela e Set\u00fabal.<\/p>\n","protected":false},"author":2,"featured_media":0,"comment_status":"closed","ping_status":"closed","sticky":false,"template":"","format":"standard","meta":[],"categories":[102],"tags":[],"acf":[],"_links":{"self":[{"href":"https:\/\/www.tmlmobilidade.pt\/en\/wp-json\/wp\/v2\/posts\/3053"}],"collection":[{"href":"https:\/\/www.tmlmobilidade.pt\/en\/wp-json\/wp\/v2\/posts"}],"about":[{"href":"https:\/\/www.tmlmobilidade.pt\/en\/wp-json\/wp\/v2\/types\/post"}],"author":[{"embeddable":true,"href":"https:\/\/www.tmlmobilidade.pt\/en\/wp-json\/wp\/v2\/users\/2"}],"replies":[{"embeddable":true,"href":"https:\/\/www.tmlmobilidade.pt\/en\/wp-json\/wp\/v2\/comments?post=3053"}],"version-history":[{"count":3,"href":"https:\/\/www.tmlmobilidade.pt\/en\/wp-json\/wp\/v2\/posts\/3053\/revisions"}],"predecessor-version":[{"id":3070,"href":"https:\/\/www.tmlmobilidade.pt\/en\/wp-json\/wp\/v2\/posts\/3053\/revisions\/3070"}],"wp:attachment":[{"href":"https:\/\/www.tmlmobilidade.pt\/en\/wp-json\/wp\/v2\/media?parent=3053"}],"wp:term":[{"taxonomy":"category","embeddable":true,"href":"https:\/\/www.tmlmobilidade.pt\/en\/wp-json\/wp\/v2\/categories?post=3053"},{"taxonomy":"post_tag","embeddable":true,"href":"https:\/\/www.tmlmobilidade.pt\/en\/wp-json\/wp\/v2\/tags?post=3053"}],"curies":[{"name":"wp","href":"https:\/\/api.w.org\/{rel}","templated":true}]}}