{"id":2974,"date":"2022-05-27T18:17:32","date_gmt":"2022-05-27T18:17:32","guid":{"rendered":"https:\/\/www.tmlmobilidade.pt\/?p=2974"},"modified":"2022-06-07T21:36:19","modified_gmt":"2022-06-07T21:36:19","slug":"carris-metropolitana-abre-os-primeiros-espacos-navegante-edisponibiliza-horarios-da-operacao","status":"publish","type":"post","link":"https:\/\/www.tmlmobilidade.pt\/en\/comunicacao\/noticias\/carris-metropolitana-abre-os-primeiros-espacos-navegante-edisponibiliza-horarios-da-operacao\/","title":{"rendered":"Carris Metropolitana abre os primeiros espa\u00e7os navegante\u00ae"},"content":{"rendered":"\n<p>Os primeiros espa\u00e7os navegante\u00ae Carris Metropolitana abrem as portas hoje, para que o servi\u00e7o de apoio ao passageiro em modo presencial se possa realizar desde o primeiro momento. Os novos espa\u00e7os ser\u00e3o respons\u00e1veis pelo apoio a todos os passageiros da Carris Metropolitana, possibilitando esclarecer d\u00favidas, solicitar a emiss\u00e3o de cart\u00f5es navegante\u00ae, aderir ao passe navegante fam\u00edlia, entre outros servi\u00e7os. Estes espa\u00e7os dedicados ao passageiro, funcionar\u00e3o todos os dias em hor\u00e1rio alargado e estar\u00e3o dispon\u00edveis em todos os munic\u00edpios da amL a partir de hoje nos munic\u00edpios de Alcochete, Moita, Montijo, Palmela e Set\u00fabal.<\/p>\n\n\n\n<p>A aquisi\u00e7\u00e3o de t\u00edtulos para viajar na Carris Metropolitana est\u00e1 dispon\u00edvel nos locais habituais e em alguns canais adicionais. As pessoas poder\u00e3o realizar o carregamento do passe navegante\u00ae ou do navegante\u00ae pr\u00e9-comprado (unidades de mobilidade para quem viaja pontualmente) no Multibanco e ATM Express, nos pontos navegante\u00ae, nos espa\u00e7os navegante\u00ae Carris Metropolitana e na rede de agentes Pagaqui da \u00e1rea metropolitana de Lisboa que continuar\u00e1 a servir a popula\u00e7\u00e3o.<\/p>\n\n\n\n<p>Hoje existem 56 agentes a prestar o servi\u00e7o de carregamento de passes navegante e navegante pr\u00e9-comprado nos 6 munic\u00edpios da \u00e1rea 4 comparativamente aos 13 agentes geridos pelo operador TST que prestavam servi\u00e7o at\u00e9 agora.<\/p>\n\n\n\n<p>At\u00e9 ao final do ano \u00e9 expect\u00e1vel o incremento da rede de vendas nestes e nos restantes munic\u00edpios servidos pela Carris Metropolitana.<\/p>\n","protected":false},"excerpt":{"rendered":"<p>Os primeiros espa\u00e7os navegante\u00ae Carris Metropolitana abrem as portas hoje, para que o servi\u00e7o de apoio ao passageiro em modo presencial se possa realizar desde o primeiro momento. Os novos espa\u00e7os ser\u00e3o respons\u00e1veis pelo apoio a todos os passageiros da Carris Metropolitana, possibilitando esclarecer d\u00favidas, solicitar a emiss\u00e3o de cart\u00f5es navegante\u00ae, aderir ao passe navegante<a class=\"excerpt-read-more\" href=\"https:\/\/www.tmlmobilidade.pt\/en\/comunicacao\/noticias\/carris-metropolitana-abre-os-primeiros-espacos-navegante-edisponibiliza-horarios-da-operacao\/\" title=\"ReadCarris Metropolitana abre os primeiros espa\u00e7os navegante\u00ae\">&#8230; Read more &raquo;<\/a><\/p>\n","protected":false},"author":2,"featured_media":0,"comment_status":"closed","ping_status":"closed","sticky":false,"template":"","format":"standard","meta":[],"categories":[47],"tags":[],"acf":[],"_links":{"self":[{"href":"https:\/\/www.tmlmobilidade.pt\/en\/wp-json\/wp\/v2\/posts\/2974"}],"collection":[{"href":"https:\/\/www.tmlmobilidade.pt\/en\/wp-json\/wp\/v2\/posts"}],"about":[{"href":"https:\/\/www.tmlmobilidade.pt\/en\/wp-json\/wp\/v2\/types\/post"}],"author":[{"embeddable":true,"href":"https:\/\/www.tmlmobilidade.pt\/en\/wp-json\/wp\/v2\/users\/2"}],"replies":[{"embeddable":true,"href":"https:\/\/www.tmlmobilidade.pt\/en\/wp-json\/wp\/v2\/comments?post=2974"}],"version-history":[{"count":5,"href":"https:\/\/www.tmlmobilidade.pt\/en\/wp-json\/wp\/v2\/posts\/2974\/revisions"}],"predecessor-version":[{"id":3043,"href":"https:\/\/www.tmlmobilidade.pt\/en\/wp-json\/wp\/v2\/posts\/2974\/revisions\/3043"}],"wp:attachment":[{"href":"https:\/\/www.tmlmobilidade.pt\/en\/wp-json\/wp\/v2\/media?parent=2974"}],"wp:term":[{"taxonomy":"category","embeddable":true,"href":"https:\/\/www.tmlmobilidade.pt\/en\/wp-json\/wp\/v2\/categories?post=2974"},{"taxonomy":"post_tag","embeddable":true,"href":"https:\/\/www.tmlmobilidade.pt\/en\/wp-json\/wp\/v2\/tags?post=2974"}],"curies":[{"name":"wp","href":"https:\/\/api.w.org\/{rel}","templated":true}]}}