{"id":2902,"date":"2022-05-11T14:48:35","date_gmt":"2022-05-11T14:48:35","guid":{"rendered":"https:\/\/www.tmlmobilidade.pt\/?p=2902"},"modified":"2022-06-07T21:29:57","modified_gmt":"2022-06-07T21:29:57","slug":"sessao-de-esclarecimento-no-montijo","status":"publish","type":"post","link":"https:\/\/www.tmlmobilidade.pt\/en\/comunicacao\/noticias\/sessao-de-esclarecimento-no-montijo\/","title":{"rendered":"Sess\u00e3o de Esclarecimento no Montijo"},"content":{"rendered":"\n<p>No dia 10 de Maio a TML deslocou-se ao Montijo para uma sess\u00e3o de esclarecimento sobre a altera\u00e7\u00e3o ao servi\u00e7o p\u00fablico de transporte rodovi\u00e1rio. <\/p>\n\n\n\n<p>Sai fortalecida a liga\u00e7\u00e3o entre os mun\u00edcipes (no esclarecimento das leg\u00edtimas quest\u00f5es que s\u00e3o colocadas), o munic\u00edpio e a TML, para um servi\u00e7o de transportes mais pr\u00f3ximo do passageiro.<\/p>\n","protected":false},"excerpt":{"rendered":"<p>No dia 10 de Maio a TML deslocou-se ao Montijo para uma sess\u00e3o de esclarecimento sobre a altera\u00e7\u00e3o ao servi\u00e7o p\u00fablico de transporte rodovi\u00e1rio. Sai fortalecida a liga\u00e7\u00e3o entre os mun\u00edcipes (no esclarecimento das leg\u00edtimas quest\u00f5es que s\u00e3o colocadas), o munic\u00edpio e a TML, para um servi\u00e7o de transportes mais pr\u00f3ximo do passageiro.<\/p>\n","protected":false},"author":2,"featured_media":0,"comment_status":"closed","ping_status":"closed","sticky":false,"template":"","format":"standard","meta":[],"categories":[47],"tags":[],"acf":[],"_links":{"self":[{"href":"https:\/\/www.tmlmobilidade.pt\/en\/wp-json\/wp\/v2\/posts\/2902"}],"collection":[{"href":"https:\/\/www.tmlmobilidade.pt\/en\/wp-json\/wp\/v2\/posts"}],"about":[{"href":"https:\/\/www.tmlmobilidade.pt\/en\/wp-json\/wp\/v2\/types\/post"}],"author":[{"embeddable":true,"href":"https:\/\/www.tmlmobilidade.pt\/en\/wp-json\/wp\/v2\/users\/2"}],"replies":[{"embeddable":true,"href":"https:\/\/www.tmlmobilidade.pt\/en\/wp-json\/wp\/v2\/comments?post=2902"}],"version-history":[{"count":3,"href":"https:\/\/www.tmlmobilidade.pt\/en\/wp-json\/wp\/v2\/posts\/2902\/revisions"}],"predecessor-version":[{"id":3034,"href":"https:\/\/www.tmlmobilidade.pt\/en\/wp-json\/wp\/v2\/posts\/2902\/revisions\/3034"}],"wp:attachment":[{"href":"https:\/\/www.tmlmobilidade.pt\/en\/wp-json\/wp\/v2\/media?parent=2902"}],"wp:term":[{"taxonomy":"category","embeddable":true,"href":"https:\/\/www.tmlmobilidade.pt\/en\/wp-json\/wp\/v2\/categories?post=2902"},{"taxonomy":"post_tag","embeddable":true,"href":"https:\/\/www.tmlmobilidade.pt\/en\/wp-json\/wp\/v2\/tags?post=2902"}],"curies":[{"name":"wp","href":"https:\/\/api.w.org\/{rel}","templated":true}]}}