{"id":2887,"date":"2022-05-06T10:35:16","date_gmt":"2022-05-06T10:35:16","guid":{"rendered":"https:\/\/www.tmlmobilidade.pt\/?p=2887"},"modified":"2022-05-06T10:36:16","modified_gmt":"2022-05-06T10:36:16","slug":"tst-encerramento-da-ponte-25-de-abril-entre-as-0900-e-as-1300","status":"publish","type":"post","link":"https:\/\/www.tmlmobilidade.pt\/en\/comunicacao\/comunicados\/tst-encerramento-da-ponte-25-de-abril-entre-as-0900-e-as-1300\/","title":{"rendered":"TST &#8211; Corte de Tr\u00e2nsito (Meia e Mini Maratona de Lisboa)"},"content":{"rendered":"\n<p>Pelo facto de no dia&nbsp;<strong>08\/05\/2022<\/strong>, se realizar a Meia e Mini Maratona de Lisboa e,&nbsp;<strong>entre as 09:00 e as 13:00, o tr\u00e2nsito estar\u00e1 encerrado na Ponte 25 de Abril.<\/strong><br><strong><br>O encerramento da Ponte 25 de Abril causar\u00e1 os seguintes constrangimentos:<\/strong><br><strong><br>Viagens com percurso parcialmente assegurado:<\/strong><\/p>\n\n\n\n<p><strong>Carreira 207: Lisboa (Sete Rios) \u2013 Sesimbra (via AE)<br><\/strong>-Sesimbra \/ Cacilhas: circula\u00e7\u00f5es 07:40 \/ 09:40<br>&#8211; Cacilhas \/ Sesimbra: circula\u00e7\u00f5es 09:30 \/ 11:30<br><strong><br>Carreira 755: Lisboa (Sete Rios) &#8211; Set\u00fabal (via Laranjeiro)<br><\/strong>&#8211; Set\u00fabal \/ Cacilhas: circula\u00e7\u00f5es das 08:00 \/ 09:00 \/ 10:00<br>&#8211; Cacilhas \/ Set\u00fabal: circula\u00e7\u00f5es das 10:00 \/ 11:00 \/ 12:00<br><strong><br><em>Carreira&nbsp; 561 (Lisboa &#8211; Set\u00fabal): As viagens a seguir indicadas ser\u00e3o realizadas via ponte Vasco da Gama:<br><\/em><\/strong>&#8211; Set\u00fabal \/ Lisboa (Sete Rios): circula\u00e7\u00f5es das 08:30 \/ 09:00 \/ 10:00 \/ 11:30<br>&#8211; Lisboa (Sete Rios) \/ Set\u00fabal: circula\u00e7\u00f5es das 09:00 \/ 09:30 \/ 10:00 \/ 11:00 \/ 12:30&nbsp;<\/p>\n\n\n\n<p><strong>Durante este per\u00edodo, n\u00e3o ser\u00e3o realizadas as seguintes viagens:<\/strong><\/p>\n\n\n\n<p><strong>Carreira 152: Lisboa (Sete Rios) \u2013 Almada (P\u00e7a S. J. Batista) (via Alc\u00e2ntara)<br><\/strong>&#8211; Lisboa (Sete Rios) \/ Almada: circula\u00e7\u00e3o das 09:15<\/p>\n\n\n\n<p><strong>Carreira 153: Lisboa (Sete Rios) \u2013 Costa da Caparica (via Alc\u00e2ntara)<br><\/strong>&#8211; Costa da Caparica \/ Lisboa (Sete Rios): circula\u00e7\u00f5es das 09:30 \/ 10:30 \/ 11:30<\/p>\n\n\n\n<p>&#8211; Lisboa (Sete Rios) \/ Costa da Caparica: circula\u00e7\u00f5es das 09:25 \/ 10:25 \/ 11:25 \/ 12:25<br><strong><br>Carreira 159: Lisboa (Sete Rios) &#8211; Marisol (via Alc\u00e2ntara)<br><\/strong>&#8211; Marisol \/ Lisboa (Sete Rios): circula\u00e7\u00f5es das 09:20 \/ 10:20 \/ 12:20<br>&#8211; Lisboa (Sete Rios) \/ Marisol: circula\u00e7\u00f5es das 09:20 \/ 10:20 \/ 11:20<br><strong><br>Carreira 160: Almada &#8211; Lisboa (P\u00e7a Areeiro) (via Alc\u00e2ntara)<br><\/strong>&#8211; Almada \/ Lisboa (Pra\u00e7a do Areeiro): circula\u00e7\u00f5es das 09:30 \/ 10:00 \/ 10:30 \/ 11:00 \/ 11:30 \/ 12:00 \/ 12:30<br>&#8211; Lisboa (Pra\u00e7a do Areeiro) \/ Almada: circula\u00e7\u00f5es das 09:00 \/ 09:35 \/ 10:15 \/ 10:45 \/ 11:15 \/ 11:45 \/ 12:15 \/ 12:45<br><br><strong>Carreira 161: Costa Caparica &#8211; Lisboa (P\u00e7a Areeiro) (via Alc\u00e2ntara)<\/strong><br>&#8211; Costa da Caparica \/ Lisboa (Pra\u00e7a do Areeiro): circula\u00e7\u00f5es das 08:50 \/ 09:35 \/ 10:15 \/ 10:45 \/ 11:15 \/&nbsp;11:45 \/ 12:15 \/ 12:45<br>&#8211; Lisboa (Pra\u00e7a do Areeiro) \/ Costa da Caparica: circula\u00e7\u00f5es das 08:40 \/ 9:10 \/ 09:45 \/ 10:30 \/ 11:00 \/ 11:30 \/ 12:00 \/ 12:30<\/p>\n\n\n\n<p><strong>Carreira 162: Lisboa (Sete Rios) &#8211; Qta Brasileiro<br><\/strong>&#8211; Qta Brasileiro \/ Lisboa (Sete Rios): circula\u00e7\u00f5es das 09:00 \/ 11:00<br>&#8211; Lisboa (Sete Rios) \/ Qta do Brasileiro: circula\u00e7\u00f5es das 10:00 \/ 12:00<\/p>\n\n\n\n<p><strong>Carreira 169: Lisboa (Marqu\u00eas Pombal) &#8211; Sta Marta Pinhal (via Feij\u00f3)<br><\/strong>&#8211; Sta Marta do Pinhal \/ Lisboa (Marqu\u00eas de Pombal): circula\u00e7\u00f5es das 10:00<br>&#8211; Lisboa (Marqu\u00eas de Pombal) \/ Sta Marta do Pinhal: circula\u00e7\u00f5es das 09:00 \/ 11:00<\/p>\n","protected":false},"excerpt":{"rendered":"<p>Pelo facto de no dia&nbsp;08\/05\/2022, se realizar a Meia e Mini Maratona de Lisboa e,&nbsp;entre as 09:00 e as 13:00, o tr\u00e2nsito estar\u00e1 encerrado na Ponte 25 de Abril.O encerramento da Ponte 25 de Abril causar\u00e1 os seguintes constrangimentos:Viagens com percurso parcialmente assegurado: Carreira 207: Lisboa (Sete Rios) \u2013 Sesimbra (via AE)-Sesimbra \/ Cacilhas: circula\u00e7\u00f5es<a class=\"excerpt-read-more\" href=\"https:\/\/www.tmlmobilidade.pt\/en\/comunicacao\/comunicados\/tst-encerramento-da-ponte-25-de-abril-entre-as-0900-e-as-1300\/\" title=\"ReadTST &#8211; Corte de Tr\u00e2nsito (Meia e Mini Maratona de Lisboa)\">&#8230; Read more &raquo;<\/a><\/p>\n","protected":false},"author":2,"featured_media":0,"comment_status":"closed","ping_status":"closed","sticky":false,"template":"","format":"standard","meta":[],"categories":[102],"tags":[],"acf":[],"_links":{"self":[{"href":"https:\/\/www.tmlmobilidade.pt\/en\/wp-json\/wp\/v2\/posts\/2887"}],"collection":[{"href":"https:\/\/www.tmlmobilidade.pt\/en\/wp-json\/wp\/v2\/posts"}],"about":[{"href":"https:\/\/www.tmlmobilidade.pt\/en\/wp-json\/wp\/v2\/types\/post"}],"author":[{"embeddable":true,"href":"https:\/\/www.tmlmobilidade.pt\/en\/wp-json\/wp\/v2\/users\/2"}],"replies":[{"embeddable":true,"href":"https:\/\/www.tmlmobilidade.pt\/en\/wp-json\/wp\/v2\/comments?post=2887"}],"version-history":[{"count":4,"href":"https:\/\/www.tmlmobilidade.pt\/en\/wp-json\/wp\/v2\/posts\/2887\/revisions"}],"predecessor-version":[{"id":2891,"href":"https:\/\/www.tmlmobilidade.pt\/en\/wp-json\/wp\/v2\/posts\/2887\/revisions\/2891"}],"wp:attachment":[{"href":"https:\/\/www.tmlmobilidade.pt\/en\/wp-json\/wp\/v2\/media?parent=2887"}],"wp:term":[{"taxonomy":"category","embeddable":true,"href":"https:\/\/www.tmlmobilidade.pt\/en\/wp-json\/wp\/v2\/categories?post=2887"},{"taxonomy":"post_tag","embeddable":true,"href":"https:\/\/www.tmlmobilidade.pt\/en\/wp-json\/wp\/v2\/tags?post=2887"}],"curies":[{"name":"wp","href":"https:\/\/api.w.org\/{rel}","templated":true}]}}