{"id":2845,"date":"2022-05-03T11:38:01","date_gmt":"2022-05-03T11:38:01","guid":{"rendered":"https:\/\/www.tmlmobilidade.pt\/?p=2845"},"modified":"2025-12-29T19:19:55","modified_gmt":"2025-12-29T19:19:55","slug":"politica-de-privacidade-recrutamento-da-tml","status":"publish","type":"post","link":"https:\/\/www.tmlmobilidade.pt\/en\/0\/politica-de-privacidade-recrutamento-da-tml\/","title":{"rendered":"Pol\u00edtica de Privacidade &#8211; Recrutamento da TML"},"content":{"rendered":"\n<p><strong>1. Privacidade e Tratamento de Dados Pessoais<\/strong><\/p>\n\n\n\n<p>Durante processos de recrutamento e sele\u00e7\u00e3o, os Candidatos poder\u00e3o submeter diretamente os seus Dados Pessoais \u00e0 TML, tendo em vista a apresenta\u00e7\u00e3o de candidaturas para lugares em aberto ou para outros postos de trabalhos para os quais sejam profissionalmente qualificados.<\/p>\n\n\n\n<p>A TML \u00e9 a respons\u00e1vel pelo tratamento dos Dados Pessoais submetido em todos os processos de recrutamento, independentemente da plataforma utilizada, podendo ser divulgada a empresa de recrutamento e sele\u00e7\u00e3o contratada pela TML, no \u00e2mbito dos servi\u00e7os por esta prestada, para o processo para o qual se candidatou e\/ou para outros para os quais se considere deter o perfil necess\u00e1rio.<\/p>\n\n\n\n<p><strong>2. Finalidades e fundamentos jur\u00eddicos do Tratamento de Dados Pessoais<\/strong><\/p>\n\n\n\n<p>Enquanto respons\u00e1vel pelo tratamento dos seus dados pessoais, a TML assegura que os mesmos ser\u00e3o tratados apenas no \u00e2mbito das finalidades para os quais foram obtidos, sendo que, em cumprimento com as disposi\u00e7\u00f5es legais, apenas procede \u00e0 recolha, utiliza\u00e7\u00e3o e conserva\u00e7\u00e3o dos dados pessoais m\u00ednimos, necess\u00e1rios e suficientes para as finalidades em causa.<\/p>\n\n\n\n<p>Os dados recolhidos no \u00e2mbito de processos de recrutamento da TML ser\u00e3o utilizados para pesquisa, an\u00e1lise e triagem curricular, sele\u00e7\u00e3o, entrevistas e outras atividades relacionadas, pelo per\u00edodo de dois anos, tendo em vista o processo de recrutamento em aberto e outros subsequentes para os quais o candidato poder\u00e1 ser profissionalmente adequado.<\/p>\n\n\n\n<p>O tratamento destes Dados encontra-se legitimado com vista \u00e0 execu\u00e7\u00e3o de dilig\u00eancias pr\u00e9-contratuais, mediante pedido expresso do titular de dados e demais obriga\u00e7\u00f5es jur\u00eddicas a que a TML est\u00e1 sujeita, incluindo de interesse p\u00fablico, bem como pela prossecu\u00e7\u00e3o do interesse leg\u00edtimo da TML em analisar as candidaturas apresentadas.<\/p>\n\n\n\n<p><strong>3. Objeto do Tratamento<\/strong><\/p>\n\n\n\n<p>Os Dados Pessoais recolhidos no \u00e2mbito dos processos de recrutamento poder\u00e3o incluir:<\/p>\n\n\n\n<ul><li>Dados de identifica\u00e7\u00e3o<em>&nbsp;(nome, data de nascimento, sexo, morada, contactos, identifica\u00e7\u00e3o civil, etc.)<\/em>;<\/li><li>Dados relativos a habilita\u00e7\u00f5es acad\u00e9micas<em>&nbsp;(forma\u00e7\u00e3o acad\u00e9mica e qualifica\u00e7\u00f5es)<\/em>;<\/li><li>Dados relativos a experi\u00eancia profissional<em>&nbsp;(cargos previamente exercidos, descri\u00e7\u00e3o das tarefas prestadas, e informa\u00e7\u00f5es relativas \u00e0s anteriores entidades patronais).<\/em><\/li><\/ul>\n\n\n\n<p><strong>4. Utiliza\u00e7\u00e3o e conserva\u00e7\u00e3o dos dados pessoais<\/strong><\/p>\n\n\n\n<p>Os Dados Pessoais ser\u00e3o conservados pelo per\u00edodo adequado ao cumprimento das respetivas finalidades o qual, atendendo \u00e0s necessidades atuais da TML, correspondem a 2 (dois) anos desde a apresenta\u00e7\u00e3o da candidatura, findo o qual ser\u00e3o objeto de anonimiza\u00e7\u00e3o, nos termos legais.<\/p>\n\n\n\n<p>Caso o candidato seja selecionado, os seus Dados Pessoais ser\u00e3o tratados atendendo \u00e0 respetiva rela\u00e7\u00e3o contratual. Nesse caso, caso a respetiva rela\u00e7\u00e3o contratual cesse, os seus Dados Pessoais poder\u00e3o continuar a ser conservados pelo per\u00edodo estritamente necess\u00e1rio para o cumprimento das obriga\u00e7\u00f5es legais a que a TML se encontra adstrita no \u00e2mbito da sua atividade.<\/p>\n\n\n\n<p><strong>5. Medidas de Prote\u00e7\u00e3o dos Dados Pessoais<\/strong><\/p>\n\n\n\n<p>A TML envida todos os esfor\u00e7os e adota as medidas de seguran\u00e7a necess\u00e1rias e adequadas para garantir a privacidade e a prote\u00e7\u00e3o dos dados pessoais dos Candidatos nos processos de recrutamento, nos termos da legisla\u00e7\u00e3o nacional e comunit\u00e1ria aplic\u00e1vel.<\/p>\n\n\n\n<p>Para o efeito, a TML utiliza um conjunto de tecnologias e procedimentos de seguran\u00e7a rigorosos visando a prote\u00e7\u00e3o dos seus dados, impedindo, entre outros, a sua destrui\u00e7\u00e3o, perda, altera\u00e7\u00e3o e divulga\u00e7\u00e3o n\u00e3o autorizada, bem como o seu tratamento il\u00edcito ou abusivo.<\/p>\n\n\n\n<p><strong>6. Direitos do Titular dos Dados Pessoais<\/strong><\/p>\n\n\n\n<p>Nos termos da legisla\u00e7\u00e3o aplic\u00e1vel, poder\u00e1 exercer o direito a solicitar junto da TML o acesso, a retifica\u00e7\u00e3o, o apagamento, e a limita\u00e7\u00e3o do tratamento, assim como a portabilidade, caso aplic\u00e1vel. O exerc\u00edcio desses direitos poder\u00e1 ser feito mediante contacto com o Encarregado de Prote\u00e7\u00e3o de Dados da TML, atrav\u00e9s do e-mail \u201c<a href=\"mailto:epd@otlis.pt\">epd@tmlmobilidade.pt<\/a>\u201d.<\/p>\n\n\n\n<p>O candidato pode ainda apresentar reclama\u00e7\u00e3o junto da autoridade de controlo nacional competente: Comiss\u00e3o Nacional de Prote\u00e7\u00e3o de Dados, sediada na Rua de S\u00e3o Bento n.\u00ba 148-3\u00ba 1200-821 Lisboa, atrav\u00e9s do site www.cnpd.pt ou do e-mail: geral@cnpd.pt.<\/p>\n","protected":false},"excerpt":{"rendered":"<p>1. Privacidade e Tratamento de Dados Pessoais Durante processos de recrutamento e sele\u00e7\u00e3o, os Candidatos poder\u00e3o submeter diretamente os seus Dados Pessoais \u00e0 TML, tendo em vista a apresenta\u00e7\u00e3o de candidaturas para lugares em aberto ou para outros postos de trabalhos para os quais sejam profissionalmente qualificados. A TML \u00e9 a respons\u00e1vel pelo tratamento dos<a class=\"excerpt-read-more\" href=\"https:\/\/www.tmlmobilidade.pt\/en\/0\/politica-de-privacidade-recrutamento-da-tml\/\" title=\"ReadPol\u00edtica de Privacidade &#8211; Recrutamento da TML\">&#8230; Read more &raquo;<\/a><\/p>\n","protected":false},"author":2,"featured_media":0,"comment_status":"closed","ping_status":"closed","sticky":false,"template":"","format":"standard","meta":[],"categories":[],"tags":[],"acf":[],"_links":{"self":[{"href":"https:\/\/www.tmlmobilidade.pt\/en\/wp-json\/wp\/v2\/posts\/2845"}],"collection":[{"href":"https:\/\/www.tmlmobilidade.pt\/en\/wp-json\/wp\/v2\/posts"}],"about":[{"href":"https:\/\/www.tmlmobilidade.pt\/en\/wp-json\/wp\/v2\/types\/post"}],"author":[{"embeddable":true,"href":"https:\/\/www.tmlmobilidade.pt\/en\/wp-json\/wp\/v2\/users\/2"}],"replies":[{"embeddable":true,"href":"https:\/\/www.tmlmobilidade.pt\/en\/wp-json\/wp\/v2\/comments?post=2845"}],"version-history":[{"count":3,"href":"https:\/\/www.tmlmobilidade.pt\/en\/wp-json\/wp\/v2\/posts\/2845\/revisions"}],"predecessor-version":[{"id":2850,"href":"https:\/\/www.tmlmobilidade.pt\/en\/wp-json\/wp\/v2\/posts\/2845\/revisions\/2850"}],"wp:attachment":[{"href":"https:\/\/www.tmlmobilidade.pt\/en\/wp-json\/wp\/v2\/media?parent=2845"}],"wp:term":[{"taxonomy":"category","embeddable":true,"href":"https:\/\/www.tmlmobilidade.pt\/en\/wp-json\/wp\/v2\/categories?post=2845"},{"taxonomy":"post_tag","embeddable":true,"href":"https:\/\/www.tmlmobilidade.pt\/en\/wp-json\/wp\/v2\/tags?post=2845"}],"curies":[{"name":"wp","href":"https:\/\/api.w.org\/{rel}","templated":true}]}}