{"id":2829,"date":"2022-05-02T14:42:47","date_gmt":"2022-05-02T14:42:47","guid":{"rendered":"https:\/\/www.tmlmobilidade.pt\/?p=2829"},"modified":"2022-05-02T14:44:48","modified_gmt":"2022-05-02T14:44:48","slug":"tst-alteracoes-de-horario-feriado-municipal-de-sesimbra","status":"publish","type":"post","link":"https:\/\/www.tmlmobilidade.pt\/en\/comunicacao\/comunicados\/tst-alteracoes-de-horario-feriado-municipal-de-sesimbra\/","title":{"rendered":"TST &#8211; Altera\u00e7\u00f5es de Hor\u00e1rio (Feriado Municipal de Sesimbra)"},"content":{"rendered":"\n<p>Informamos que no dia&nbsp;4 de maio de 2022,&nbsp;feriado municipal de Sesimbra, as&nbsp;carreiras escolares 208, 210, 219, 234 e 247 n\u00e3o ser\u00e3o efetuadas.<br>As carreiras escolares 236, 257 e 259 realizar-se-\u00e3o como \u00e9 h\u00e1bito.&nbsp;&nbsp;<\/p>\n","protected":false},"excerpt":{"rendered":"<p>Informamos que no dia&nbsp;4 de maio de 2022,&nbsp;feriado municipal de Sesimbra, as&nbsp;carreiras escolares 208, 210, 219, 234 e 247 n\u00e3o ser\u00e3o efetuadas.As carreiras escolares 236, 257 e 259 realizar-se-\u00e3o como \u00e9 h\u00e1bito.&nbsp;&nbsp;<\/p>\n","protected":false},"author":2,"featured_media":0,"comment_status":"closed","ping_status":"closed","sticky":false,"template":"","format":"standard","meta":[],"categories":[102],"tags":[],"acf":[],"_links":{"self":[{"href":"https:\/\/www.tmlmobilidade.pt\/en\/wp-json\/wp\/v2\/posts\/2829"}],"collection":[{"href":"https:\/\/www.tmlmobilidade.pt\/en\/wp-json\/wp\/v2\/posts"}],"about":[{"href":"https:\/\/www.tmlmobilidade.pt\/en\/wp-json\/wp\/v2\/types\/post"}],"author":[{"embeddable":true,"href":"https:\/\/www.tmlmobilidade.pt\/en\/wp-json\/wp\/v2\/users\/2"}],"replies":[{"embeddable":true,"href":"https:\/\/www.tmlmobilidade.pt\/en\/wp-json\/wp\/v2\/comments?post=2829"}],"version-history":[{"count":6,"href":"https:\/\/www.tmlmobilidade.pt\/en\/wp-json\/wp\/v2\/posts\/2829\/revisions"}],"predecessor-version":[{"id":2835,"href":"https:\/\/www.tmlmobilidade.pt\/en\/wp-json\/wp\/v2\/posts\/2829\/revisions\/2835"}],"wp:attachment":[{"href":"https:\/\/www.tmlmobilidade.pt\/en\/wp-json\/wp\/v2\/media?parent=2829"}],"wp:term":[{"taxonomy":"category","embeddable":true,"href":"https:\/\/www.tmlmobilidade.pt\/en\/wp-json\/wp\/v2\/categories?post=2829"},{"taxonomy":"post_tag","embeddable":true,"href":"https:\/\/www.tmlmobilidade.pt\/en\/wp-json\/wp\/v2\/tags?post=2829"}],"curies":[{"name":"wp","href":"https:\/\/api.w.org\/{rel}","templated":true}]}}