{"id":2824,"date":"2022-06-02T08:25:00","date_gmt":"2022-06-02T08:25:00","guid":{"rendered":"https:\/\/www.tmlmobilidade.pt\/?p=2824"},"modified":"2022-04-29T08:27:57","modified_gmt":"2022-04-29T08:27:57","slug":"vimeca-constrangimentos-3a-prova-jose-araujo","status":"publish","type":"post","link":"https:\/\/www.tmlmobilidade.pt\/en\/comunicacao\/comunicados\/vimeca-constrangimentos-3a-prova-jose-araujo\/","title":{"rendered":"VIMECA &#8211; Constrangimentos (3\u00aa Prova Jos\u00e9 Ara\u00fajo)"},"content":{"rendered":"\n<p>Pelo facto de ser realizada no dia 5 de Junho \u00e0s 9:00 a 3\u00aa Prova Jos\u00e9 Ara\u00fajo ,informamos que as carreiras 101 e 103 da VIMECA poder\u00e3o sofrer constrangimentos durante o per\u00edodo da prova.<\/p>\n","protected":false},"excerpt":{"rendered":"<p>Pelo facto de ser realizada no dia 5 de Junho \u00e0s 9:00 a 3\u00aa Prova Jos\u00e9 Ara\u00fajo ,informamos que as carreiras 101 e 103 da VIMECA poder\u00e3o sofrer constrangimentos durante o per\u00edodo da prova.<\/p>\n","protected":false},"author":2,"featured_media":0,"comment_status":"closed","ping_status":"closed","sticky":false,"template":"","format":"standard","meta":[],"categories":[102],"tags":[],"acf":[],"_links":{"self":[{"href":"https:\/\/www.tmlmobilidade.pt\/en\/wp-json\/wp\/v2\/posts\/2824"}],"collection":[{"href":"https:\/\/www.tmlmobilidade.pt\/en\/wp-json\/wp\/v2\/posts"}],"about":[{"href":"https:\/\/www.tmlmobilidade.pt\/en\/wp-json\/wp\/v2\/types\/post"}],"author":[{"embeddable":true,"href":"https:\/\/www.tmlmobilidade.pt\/en\/wp-json\/wp\/v2\/users\/2"}],"replies":[{"embeddable":true,"href":"https:\/\/www.tmlmobilidade.pt\/en\/wp-json\/wp\/v2\/comments?post=2824"}],"version-history":[{"count":2,"href":"https:\/\/www.tmlmobilidade.pt\/en\/wp-json\/wp\/v2\/posts\/2824\/revisions"}],"predecessor-version":[{"id":2826,"href":"https:\/\/www.tmlmobilidade.pt\/en\/wp-json\/wp\/v2\/posts\/2824\/revisions\/2826"}],"wp:attachment":[{"href":"https:\/\/www.tmlmobilidade.pt\/en\/wp-json\/wp\/v2\/media?parent=2824"}],"wp:term":[{"taxonomy":"category","embeddable":true,"href":"https:\/\/www.tmlmobilidade.pt\/en\/wp-json\/wp\/v2\/categories?post=2824"},{"taxonomy":"post_tag","embeddable":true,"href":"https:\/\/www.tmlmobilidade.pt\/en\/wp-json\/wp\/v2\/tags?post=2824"}],"curies":[{"name":"wp","href":"https:\/\/api.w.org\/{rel}","templated":true}]}}