{"id":2782,"date":"2022-04-22T18:23:39","date_gmt":"2022-04-22T18:23:39","guid":{"rendered":"https:\/\/www.tmlmobilidade.pt\/?p=2782"},"modified":"2022-04-22T18:27:37","modified_gmt":"2022-04-22T18:27:37","slug":"contratos-interadministrativos","status":"publish","type":"post","link":"https:\/\/www.tmlmobilidade.pt\/en\/0\/contratos-interadministrativos\/","title":{"rendered":"Contratos Interadministrativos"},"content":{"rendered":"\n<p>&#8211; <strong>Delega\u00e7\u00e3o ou partilha de compet\u00eancias entre\u00a0Autoridades de Transportes<\/strong>:<\/p>\n\n\n\n<ul id=\"block-002cae93-9b55-44b3-9c78-91b23b65c9ba\"><li>Contratos relativos \u00e0 delega\u00e7\u00e3o da totalidade das compet\u00eancias em mat\u00e9ria de servi\u00e7os p\u00fablicos de transporte de passageiros municipais<\/li><\/ul>\n\n\n\n<p id=\"block-e770a696-46ab-4144-84ff-b947748643f8\">       <a href=\"https:\/\/www.aml.pt\/susProjects\/susWebBackOffice\/uploadFiles\/wt1wwpgf_aml_sus_pt_site\/componentPdf\/SUS5C9CCCFF2BF41\/ALCOCHETE2019.PDF\" target=\"_blank\" rel=\"noreferrer noopener\">Alcochete<\/a>&nbsp;|&nbsp;<a href=\"https:\/\/www.aml.pt\/susProjects\/susWebBackOffice\/uploadFiles\/wt1wwpgf_aml_sus_pt_site\/componentPdf\/SUS5C9CCD2CEF557\/ALMADA2019.PDF\" target=\"_blank\" rel=\"noreferrer noopener\">Almada<\/a>&nbsp;|&nbsp;<a href=\"https:\/\/www.aml.pt\/susProjects\/susWebBackOffice\/uploadFiles\/wt1wwpgf_aml_sus_pt_site\/componentPdf\/SUS5C9CCD467F963\/AMADORA2019.PDF\" target=\"_blank\" rel=\"noreferrer noopener\">Amadora<\/a>&nbsp;|&nbsp;<a href=\"https:\/\/www.aml.pt\/susProjects\/susWebBackOffice\/uploadFiles\/wt1wwpgf_aml_sus_pt_site\/componentPdf\/SUS5C9CCDB42EC77\/LOURES2019.PDF\" target=\"_blank\" rel=\"noreferrer noopener\">Loures&nbsp;<\/a>|&nbsp;<a href=\"https:\/\/www.aml.pt\/susProjects\/susWebBackOffice\/uploadFiles\/wt1wwpgf_aml_sus_pt_site\/componentPdf\/SUS5C9CCDF4634E8\/MAFRA2019.PDF\" target=\"_blank\" rel=\"noreferrer noopener\">Mafra<\/a>&nbsp;|&nbsp;<a href=\"https:\/\/www.aml.pt\/susProjects\/susWebBackOffice\/uploadFiles\/wt1wwpgf_aml_sus_pt_site\/componentPdf\/SUS5C9CCE1391EE6\/MOITA2019.PDF\" target=\"_blank\" rel=\"noreferrer noopener\">Moita<\/a>&nbsp;|&nbsp;<a href=\"https:\/\/www.aml.pt\/susProjects\/susWebBackOffice\/uploadFiles\/wt1wwpgf_aml_sus_pt_site\/componentPdf\/SUS5C9CCE2BBE8A7\/MONTIJO2019.PDF\" target=\"_blank\" rel=\"noreferrer noopener\">Montijo<\/a>&nbsp;|&nbsp;<a href=\"https:\/\/www.aml.pt\/susProjects\/susWebBackOffice\/uploadFiles\/wt1wwpgf_aml_sus_pt_site\/componentPdf\/SUS5C9CCE44BF95A\/ODIVELAS2019.PDF\" target=\"_blank\" rel=\"noreferrer noopener\">Odivelas<\/a>&nbsp;|&nbsp;<a href=\"https:\/\/www.aml.pt\/susProjects\/susWebBackOffice\/uploadFiles\/wt1wwpgf_aml_sus_pt_site\/componentPdf\/SUS5C9CCE606F28E\/OEIRAS2019.PDF\" target=\"_blank\" rel=\"noreferrer noopener\">Oeiras<\/a>&nbsp;|&nbsp;<a href=\"https:\/\/www.aml.pt\/susProjects\/susWebBackOffice\/uploadFiles\/wt1wwpgf_aml_sus_pt_site\/componentPdf\/SUS5C9CCE7AAC774\/PALMELA2019.PDF\" target=\"_blank\" rel=\"noreferrer noopener\">Palmela<\/a>&nbsp;|&nbsp;<a href=\"https:\/\/www.aml.pt\/susProjects\/susWebBackOffice\/uploadFiles\/wt1wwpgf_aml_sus_pt_site\/componentPdf\/SUS5C9CCE9442F39\/SEIXAL2019.PDF\" target=\"_blank\" rel=\"noreferrer noopener\">Seixal<\/a> <a href=\"https:\/\/www.aml.pt\/susProjects\/susWebBackOffice\/uploadFiles\/wt1wwpgf_aml_sus_pt_site\/componentPdf\/SUS5C9CCEAEAF851\/SESIMBRA2019.PDF\" target=\"_blank\" rel=\"noreferrer noopener\">Sesimbra<\/a>&nbsp;|&nbsp;<a href=\"https:\/\/www.aml.pt\/susProjects\/susWebBackOffice\/uploadFiles\/wt1wwpgf_aml_sus_pt_site\/componentPdf\/SUS5C9CCECA7E070\/SETUBAL2019.PDF\" target=\"_blank\" rel=\"noreferrer noopener\">Set\u00fabal<\/a>&nbsp;|&nbsp;<a href=\"https:\/\/www.aml.pt\/susProjects\/susWebBackOffice\/uploadFiles\/wt1wwpgf_aml_sus_pt_site\/componentPdf\/SUS5C9CCEE1C42D8\/SINTRA2019.PDF\" target=\"_blank\" rel=\"noreferrer noopener\">Sintra<\/a>&nbsp;|&nbsp;<a href=\"https:\/\/www.aml.pt\/susProjects\/susWebBackOffice\/uploadFiles\/wt1wwpgf_aml_sus_pt_site\/componentPdf\/SUS5C9CCEFE12423\/VFXIRA2019.PDF\" target=\"_blank\" rel=\"noreferrer noopener\">Vila Franca de Xira<\/a><\/p>\n\n\n\n<ul id=\"block-3673c252-48fd-4a23-a064-bf3b5e4d7ea1\"><li>Contratos relativos ao Sistema tarif\u00e1rio &#8211; t\u00edtulos de transporte visados pelo PART:<\/li><\/ul>\n\n\n\n<p id=\"block-7873b9f9-d406-4f40-8407-891db7cc7667\">       <a href=\"https:\/\/www.aml.pt\/susProjects\/susWebBackOffice\/uploadFiles\/wt1wwpgf_aml_sus_pt_site\/componentPdf\/SUS5C9CCC7768B09\/CONTRATO_INTERADMINISTRATIVO_DELEGACAO_E__PARTILHA_DE_COMPETENCIAS_-_AML_ESTADO.PDF\" target=\"_blank\" rel=\"noreferrer noopener\">Contrato Interadministrativo de Delega\u00e7\u00e3o e Partilha de Compet\u00eancias entre o Estado Portugu\u00eas e a \u00c1rea Metropolitana Lisboa<\/a><\/p>\n\n\n\n<p id=\"block-061e81d4-f757-464f-a217-eb8cff00201c\">       <a rel=\"noreferrer noopener\" href=\"https:\/\/www.aml.pt\/susProjects\/susWebBackOffice\/uploadFiles\/wt1wwpgf_aml_sus_pt_site\/componentPdf\/SUS5C9CCD5EA1F9C\/BARREIRO2019.PDF\" target=\"_blank\">Barreiro<\/a>&nbsp;|&nbsp;<a rel=\"noreferrer noopener\" href=\"https:\/\/www.aml.pt\/susProjects\/susWebBackOffice\/uploadFiles\/wt1wwpgf_aml_sus_pt_site\/componentPdf\/SUS5C9CCD76EF111\/CASCAIS2019.PDF\" target=\"_blank\">Cascais<\/a>&nbsp;|&nbsp;<a rel=\"noreferrer noopener\" href=\"https:\/\/www.aml.pt\/susProjects\/susWebBackOffice\/uploadFiles\/wt1wwpgf_aml_sus_pt_site\/componentPdf\/SUS5C9CCD910D02B\/LISBOA2019.PDF\" target=\"_blank\">Lisboa<\/a><\/p>\n\n\n\n<ul id=\"block-3673c252-48fd-4a23-a064-bf3b5e4d7ea1\"><li>Contratos relativos \u00e0 Organiza\u00e7\u00e3o de servi\u00e7os p\u00fablicos de transporte de passageiros inter-regionais:<\/li><\/ul>\n\n\n\n<p id=\"block-aa5a7777-7a6f-4728-a6fc-282786706652\">       <a href=\"https:\/\/www.aml.pt\/susProjects\/susWebBackOffice\/uploadFiles\/wt1wwpgf_aml_sus_pt_site\/componentPdf\/SUS5F6B8631DF4E3\/2020_03_31_CI_DELEGACAO_E_PARTILHA_AML_CIMOESTE.PDF\" target=\"_blank\" rel=\"noreferrer noopener\">Contrato Interadministrativo de Delega\u00e7\u00e3o e Partilha de Compet\u00eancias entre a AML e CIM Oeste<\/a><\/p>\n\n\n\n<p id=\"block-12070b5d-d41f-434b-aee3-4f9aec01e679\">       <a href=\"https:\/\/www.aml.pt\/susProjects\/susWebBackOffice\/uploadFiles\/wt1wwpgf_aml_sus_pt_site\/componentPdf\/SUS5F6B86646C091\/2019_04_30_CI_DELEGACAO_E_PARTILHA_CIMLT_AML.PDF\" target=\"_blank\" rel=\"noreferrer noopener\">Contrato Interadministrativo de Delega\u00e7\u00e3o e Partilha de Compet\u00eancias entre a AML e CIM Lez\u00edria do Tejo<\/a><\/p>\n\n\n\n<p id=\"block-f4cc9f8b-75ca-465c-9276-6933692e5f61\">       <a href=\"https:\/\/www.aml.pt\/susProjects\/susWebBackOffice\/uploadFiles\/wt1wwpgf_aml_sus_pt_site\/componentPdf\/SUS5F6B868280F2A\/2019_08_22_CI_DELEGACAO_E_PARTILHA_CIMAL_AML.PDF\" target=\"_blank\" rel=\"noreferrer noopener\">Contrato Interadministrativo de Partilha de Compet\u00eancias entre a AML e a CIM Alentejo Litoral<\/a><\/p>\n\n\n\n<p id=\"block-a836482d-b6d5-4aa3-92f4-cf467eb12dc5\">       <a href=\"https:\/\/www.aml.pt\/susProjects\/susWebBackOffice\/uploadFiles\/wt1wwpgf_aml_sus_pt_site\/componentPdf\/SUS5F6B86AAC0491\/2019_11_12_CONTRATO_INTER-REGIONAL_CIMLT_AML.PDF\" target=\"_blank\" rel=\"noreferrer noopener\">Contrato Interadministrativo para a Gest\u00e3o Partilhada Servi\u00e7o Inter-regional entre a AML e a CIM Lez\u00edria do Tejo<\/a><\/p>\n\n\n\n<p id=\"block-ce4922e9-de7f-4e31-b2e1-0687764175a3\">       <a href=\"https:\/\/www.aml.pt\/susProjects\/susWebBackOffice\/uploadFiles\/wt1wwpgf_aml_sus_pt_site\/componentPdf\/SUS5F6B86CA25686\/2019_11_22_CONTRATO_INTER-REGIONAL_CIMAA_AML.PDF\" target=\"_blank\" rel=\"noreferrer noopener\">Contrato Interadministrativo para a Gest\u00e3o Partilhada Servi\u00e7o Inter-regional entre a AML e a CIM Alto Alentejo<\/a><\/p>\n\n\n\n<p id=\"block-a46fe507-c283-4b25-8b4d-878f2fbbf7b7\">       <a href=\"https:\/\/www.aml.pt\/susProjects\/susWebBackOffice\/uploadFiles\/wt1wwpgf_aml_sus_pt_site\/componentPdf\/SUS5F6B86EB17BBF\/2019_11_28_CONTRATO_INTER-REGIONAL_CIMAC_AML.PDF\" target=\"_blank\" rel=\"noreferrer noopener\">Contrato Interadministrativo para a Gest\u00e3o Partilhada Servi\u00e7o Inter-regional entre a AML e a CIM Alentejo Central<\/a><\/p>\n\n\n\n<p id=\"block-794179ac-7e4b-4292-a01e-6c7bb0226b29\">       <a href=\"https:\/\/www.aml.pt\/susProjects\/susWebBackOffice\/uploadFiles\/wt1wwpgf_aml_sus_pt_site\/componentPdf\/SUS5F6B870D66C69\/2019_11_29_CONTRATO_INTER-REGIONAL_CIMOESTE_AML.PDF\" target=\"_blank\" rel=\"noreferrer noopener\">Contrato Interadministrativo para a Gest\u00e3o Partilhada Servi\u00e7o Inter-regional entre a AML e a CIM Oeste<\/a><\/p>\n\n\n\n<p id=\"block-fc648205-4c33-40c2-91a0-1941b967bb7e\">       <a href=\"https:\/\/www.aml.pt\/susProjects\/susWebBackOffice\/uploadFiles\/wt1wwpgf_aml_sus_pt_site\/componentPdf\/SUS5F6B8755DC6BE\/2020_01_08_CONTRATO_INTER-REGIONAL_CIMT_AML.PDF\" target=\"_blank\" rel=\"noreferrer noopener\">Contrato Interadministrativo para a Gest\u00e3o Partilhada Servi\u00e7o Inter-regional entre a AML e a CIM M\u00e9dio Tejo<\/a><\/p>\n","protected":false},"excerpt":{"rendered":"<p>&#8211; Delega\u00e7\u00e3o ou partilha de compet\u00eancias entre\u00a0Autoridades de Transportes: Contratos relativos \u00e0 delega\u00e7\u00e3o da totalidade das compet\u00eancias em mat\u00e9ria de servi\u00e7os p\u00fablicos de transporte de passageiros municipais Alcochete&nbsp;|&nbsp;Almada&nbsp;|&nbsp;Amadora&nbsp;|&nbsp;Loures&nbsp;|&nbsp;Mafra&nbsp;|&nbsp;Moita&nbsp;|&nbsp;Montijo&nbsp;|&nbsp;Odivelas&nbsp;|&nbsp;Oeiras&nbsp;|&nbsp;Palmela&nbsp;|&nbsp;Seixal Sesimbra&nbsp;|&nbsp;Set\u00fabal&nbsp;|&nbsp;Sintra&nbsp;|&nbsp;Vila Franca de Xira Contratos relativos ao Sistema tarif\u00e1rio &#8211; t\u00edtulos de transporte visados pelo PART: Contrato Interadministrativo de Delega\u00e7\u00e3o e Partilha de Compet\u00eancias entre o Estado<a class=\"excerpt-read-more\" href=\"https:\/\/www.tmlmobilidade.pt\/en\/0\/contratos-interadministrativos\/\" title=\"ReadContratos Interadministrativos\">&#8230; Read more &raquo;<\/a><\/p>\n","protected":false},"author":2,"featured_media":0,"comment_status":"closed","ping_status":"closed","sticky":false,"template":"","format":"standard","meta":[],"categories":[7],"tags":[],"acf":[],"_links":{"self":[{"href":"https:\/\/www.tmlmobilidade.pt\/en\/wp-json\/wp\/v2\/posts\/2782"}],"collection":[{"href":"https:\/\/www.tmlmobilidade.pt\/en\/wp-json\/wp\/v2\/posts"}],"about":[{"href":"https:\/\/www.tmlmobilidade.pt\/en\/wp-json\/wp\/v2\/types\/post"}],"author":[{"embeddable":true,"href":"https:\/\/www.tmlmobilidade.pt\/en\/wp-json\/wp\/v2\/users\/2"}],"replies":[{"embeddable":true,"href":"https:\/\/www.tmlmobilidade.pt\/en\/wp-json\/wp\/v2\/comments?post=2782"}],"version-history":[{"count":3,"href":"https:\/\/www.tmlmobilidade.pt\/en\/wp-json\/wp\/v2\/posts\/2782\/revisions"}],"predecessor-version":[{"id":2788,"href":"https:\/\/www.tmlmobilidade.pt\/en\/wp-json\/wp\/v2\/posts\/2782\/revisions\/2788"}],"wp:attachment":[{"href":"https:\/\/www.tmlmobilidade.pt\/en\/wp-json\/wp\/v2\/media?parent=2782"}],"wp:term":[{"taxonomy":"category","embeddable":true,"href":"https:\/\/www.tmlmobilidade.pt\/en\/wp-json\/wp\/v2\/categories?post=2782"},{"taxonomy":"post_tag","embeddable":true,"href":"https:\/\/www.tmlmobilidade.pt\/en\/wp-json\/wp\/v2\/tags?post=2782"}],"curies":[{"name":"wp","href":"https:\/\/api.w.org\/{rel}","templated":true}]}}