{"id":2683,"date":"2022-03-31T13:35:06","date_gmt":"2022-03-31T13:35:06","guid":{"rendered":"https:\/\/www.tmlmobilidade.pt\/?p=2683"},"modified":"2022-04-28T08:58:34","modified_gmt":"2022-04-28T08:58:34","slug":"carris-metropolitana-lancada-dia-1-de-abril-na-presenca-do-primeiro-ministro","status":"publish","type":"post","link":"https:\/\/www.tmlmobilidade.pt\/en\/comunicacao\/noticias\/carris-metropolitana-lancada-dia-1-de-abril-na-presenca-do-primeiro-ministro\/","title":{"rendered":"carris metropolitana lan\u00e7ada dia 1 de abril na presen\u00e7a do primeiro-ministro"},"content":{"rendered":"\n<p>O terceiro anivers\u00e1rio do navegante ser\u00e1 assinalado com o lan\u00e7amento da carris metropolitana, no dia 1 de abril, no P\u00e1tio da Gal\u00e9, em Lisboa, numa cerim\u00f3nia que contar\u00e1 com a presen\u00e7a do primeiro-ministro, Ant\u00f3nio Costa.<\/p>\n\n\n\n<p>O evento, que ter\u00e1 in\u00edcio \u00e0s 16 horas, ter\u00e1 ainda interven\u00e7\u00f5es de Duarte Cordeiro, ministro do Ambiente e da A\u00e7\u00e3o Clim\u00e1tica, Carlos Moedas, presidente da C\u00e2mara Municipal de Lisboa, Carla Tavares, presidente do Conselho Metropolitano de Lisboa, Carlos Humberto de Carvalho, primeiro-secret\u00e1rio metropolitano, e Faustino Gomes, presidente do conselho de administra\u00e7\u00e3o da TML &#8211; Transportes Metropolitanos de Lisboa.<\/p>\n\n\n\n<p>A cerim\u00f3nia contemplar\u00e1 tamb\u00e9m um pequeno desfile de moda, para dar a conhecer o fardamento da carris metropolitana, desenhado por Nuno Gama, e a exibi\u00e7\u00e3o, no exterior, de novos autocarros com a nova imagem da carris metropolitana.<\/p>\n\n\n\n<p><strong>A carris metropolitana vem dar continuidade a uma revolu\u00e7\u00e3o, sem paralelo, na mobilidade da regi\u00e3o metropolitana de Lisboa<\/strong>, que tem por objetivo a promo\u00e7\u00e3o da qualidade de vida e uma altera\u00e7\u00e3o da reparti\u00e7\u00e3o modal a favor dos transportes p\u00fablicos e da mobilidade sustent\u00e1vel.<\/p>\n\n\n\n<p>O investimento de cerca de 1,2 mil milh\u00f5es de euros realizado com a opera\u00e7\u00e3o da carris metropolitana permitir\u00e1 aumentar o servi\u00e7o de transporte rodovi\u00e1rio em cerca de 35 %, que se traduzir\u00e1 em mais carreiras, mais percursos e circula\u00e7\u00f5es, autocarros mais modernos, mais eficientes e ambientalmente mais sustent\u00e1veis, e mais qualidade no servi\u00e7o prestado.<\/p>\n\n\n\n<p>A rede de servi\u00e7o de autocarros, desenhada pela \u00c1rea Metropolitana de Lisboa em conjunto com os 18 munic\u00edpios, ser\u00e1 composta por 820 linhas rodovi\u00e1rias, que servir\u00e3o aproximadamente 2,8 milh\u00f5es de potenciais utilizadores, passando o servi\u00e7o a pertencer \u00e0 marca \u00fanica e integradora carris metropolitana.<\/p>\n\n\n\n<p>As melhorias a implementar ter\u00e3o ainda em considera\u00e7\u00e3o uma integra\u00e7\u00e3o tecnol\u00f3gica e um planeamento e ajustamento do servi\u00e7o \u00e0s necessidades existentes, a promo\u00e7\u00e3o da pontualidade, regularidade, confiabilidade do sistema e uma maior simplifica\u00e7\u00e3o das redes e servi\u00e7os a prestar.<\/p>\n\n\n\n<p>A sustentabilidade ambiental ser\u00e1 promovida, atrav\u00e9s da renova\u00e7\u00e3o e qualifica\u00e7\u00e3o da frota, com uma diminui\u00e7\u00e3o da idade m\u00e9dia dos autocarros de 15 anos para menos de um ano e a inclus\u00e3o de uma cota de ve\u00edculos n\u00e3o poluentes e energeticamente eficientes, com medidas de eco-condu\u00e7\u00e3o, condu\u00e7\u00e3o econ\u00f3mica, segura e confort\u00e1vel.<\/p>\n\n\n\n<p>Est\u00e1 ainda prevista uma melhoria do foco e aten\u00e7\u00e3o ao passageiro, com o alargamento da rede de vendas e servi\u00e7os de apoio e gest\u00e3o centralizada da informa\u00e7\u00e3o.<\/p>\n","protected":false},"excerpt":{"rendered":"<p>O terceiro anivers\u00e1rio do navegante ser\u00e1 assinalado com o lan\u00e7amento da carris metropolitana, no dia 1 de abril, no P\u00e1tio da Gal\u00e9, em Lisboa, numa cerim\u00f3nia que contar\u00e1 com a presen\u00e7a do primeiro-ministro, Ant\u00f3nio Costa. O evento, que ter\u00e1 in\u00edcio \u00e0s 16 horas, ter\u00e1 ainda interven\u00e7\u00f5es de Duarte Cordeiro, ministro do Ambiente e da A\u00e7\u00e3o<a class=\"excerpt-read-more\" href=\"https:\/\/www.tmlmobilidade.pt\/en\/comunicacao\/noticias\/carris-metropolitana-lancada-dia-1-de-abril-na-presenca-do-primeiro-ministro\/\" title=\"Readcarris metropolitana lan\u00e7ada dia 1 de abril na presen\u00e7a do primeiro-ministro\">&#8230; Read more &raquo;<\/a><\/p>\n","protected":false},"author":2,"featured_media":0,"comment_status":"closed","ping_status":"closed","sticky":false,"template":"","format":"standard","meta":[],"categories":[47],"tags":[],"acf":[],"_links":{"self":[{"href":"https:\/\/www.tmlmobilidade.pt\/en\/wp-json\/wp\/v2\/posts\/2683"}],"collection":[{"href":"https:\/\/www.tmlmobilidade.pt\/en\/wp-json\/wp\/v2\/posts"}],"about":[{"href":"https:\/\/www.tmlmobilidade.pt\/en\/wp-json\/wp\/v2\/types\/post"}],"author":[{"embeddable":true,"href":"https:\/\/www.tmlmobilidade.pt\/en\/wp-json\/wp\/v2\/users\/2"}],"replies":[{"embeddable":true,"href":"https:\/\/www.tmlmobilidade.pt\/en\/wp-json\/wp\/v2\/comments?post=2683"}],"version-history":[{"count":6,"href":"https:\/\/www.tmlmobilidade.pt\/en\/wp-json\/wp\/v2\/posts\/2683\/revisions"}],"predecessor-version":[{"id":2815,"href":"https:\/\/www.tmlmobilidade.pt\/en\/wp-json\/wp\/v2\/posts\/2683\/revisions\/2815"}],"wp:attachment":[{"href":"https:\/\/www.tmlmobilidade.pt\/en\/wp-json\/wp\/v2\/media?parent=2683"}],"wp:term":[{"taxonomy":"category","embeddable":true,"href":"https:\/\/www.tmlmobilidade.pt\/en\/wp-json\/wp\/v2\/categories?post=2683"},{"taxonomy":"post_tag","embeddable":true,"href":"https:\/\/www.tmlmobilidade.pt\/en\/wp-json\/wp\/v2\/tags?post=2683"}],"curies":[{"name":"wp","href":"https:\/\/api.w.org\/{rel}","templated":true}]}}