{"id":2618,"date":"2022-03-24T11:01:25","date_gmt":"2022-03-24T11:01:25","guid":{"rendered":"https:\/\/www.tmlmobilidade.pt\/?p=2618"},"modified":"2022-03-24T16:33:51","modified_gmt":"2022-03-24T16:33:51","slug":"estudo-sobre-a-evolucao-da-logistica-na-area-metropolitana-de-lisboa","status":"publish","type":"post","link":"https:\/\/www.tmlmobilidade.pt\/en\/projetos-e-atividades\/planos-e-estudos\/estudo-sobre-a-evolucao-da-logistica-na-area-metropolitana-de-lisboa\/","title":{"rendered":"Estudo sobre a evolu\u00e7\u00e3o da log\u00edstica na \u00c1rea Metropolitana de Lisboa"},"content":{"rendered":"\n<p>A TML desenvolveu um estudo sobre a evolu\u00e7\u00e3o da log\u00edstica na \u00c1rea Metropolitana de Lisboa, onde procurou identificar as diferentes solu\u00e7\u00f5es a promover com os objectivos de, por um lado, conhecer as novas din\u00e2micas e a organiza\u00e7\u00e3o dos sistemas log\u00edsticos na AML e, por outro, poder apontar solu\u00e7\u00f5es a promover no \u00e2mbito da log\u00edstica urbana e, em particular, no abastecimento na Pen\u00ednsula de Set\u00fabal.<\/p>\n\n\n\n<p>O estudo e objetivos a concretizar visam ser um contributo essencial para<strong> a defini\u00e7\u00e3o do conjunto de propostas a considerar no \u00e2mbito do desenvolvimento do futuro Plano de Mobilidade Urbana Sustent\u00e1vel da \u00c1rea Metropolitana de Lisboa.<\/strong><\/p>\n\n\n\n<p>A defini\u00e7\u00e3o de eixos estrat\u00e9gicos e pol\u00edticas, no contexto da macrologistica, integram diferentes modos de transporte e diferentes atores do sistema log\u00edstico, com o objectivo de obter uma sustentabilidade econ\u00f3mica, ambiental e social do territ\u00f3rio.<\/p>\n\n\n\n<div style=\"height:34px\" aria-hidden=\"true\" class=\"wp-block-spacer\"><\/div>\n\n\n\n<hr class=\"wp-block-separator\"\/>\n\n\n\n<div style=\"height:33px\" aria-hidden=\"true\" class=\"wp-block-spacer\"><\/div>\n\n\n\n<p style=\"font-size:27px\"><strong>Iniciativas e eventos no \u00e2mbito da log\u00edstica<\/strong><\/p>\n\n\n\n<div style=\"height:31px\" aria-hidden=\"true\" class=\"wp-block-spacer\"><\/div>\n\n\n\n<p><\/p>\n\n\n\n<p style=\"font-size:16px\"><strong>16.Nov.2021 | Semin\u00e1rio \u2018A Log\u00edstica na \u00c1rea Metropolitana de Lisboa\u2019<\/strong><\/p>\n\n\n\n<p style=\"font-size:15px\"><a href=\"https:\/\/www.tmlmobilidade.pt\/wp-content\/uploads\/2022\/03\/CONVITE-EMAIL-PROGRAMA-COMPLETO.jpg\" target=\"_blank\" rel=\"noreferrer noopener\">Ver programa <\/a>\/ <a href=\"https:\/\/www.youtube.com\/watch?v=LVl2THaE4Tw\" target=\"_blank\" rel=\"noreferrer noopener\">Visualize o evento<\/a><\/p>\n\n\n\n<figure class=\"wp-block-image size-large\"><img loading=\"lazy\" width=\"1024\" height=\"609\" src=\"https:\/\/www.tmlmobilidade.pt\/wp-content\/uploads\/2022\/03\/carro_logistica_site-1-1024x609.png\" alt=\"\" class=\"wp-image-2648\" srcset=\"https:\/\/www.tmlmobilidade.pt\/wp-content\/uploads\/2022\/03\/carro_logistica_site-1-1024x609.png 1024w, https:\/\/www.tmlmobilidade.pt\/wp-content\/uploads\/2022\/03\/carro_logistica_site-1-300x178.png 300w, https:\/\/www.tmlmobilidade.pt\/wp-content\/uploads\/2022\/03\/carro_logistica_site-1-768x457.png 768w, https:\/\/www.tmlmobilidade.pt\/wp-content\/uploads\/2022\/03\/carro_logistica_site-1.png 1162w\" sizes=\"(max-width: 1024px) 100vw, 1024px\" \/><\/figure>\n\n\n\n<p>O semin\u00e1rio organizado pela TML no dia 16 de Novembro de 2021, na Gare Mar\u00edtima de Alc\u00e2ntara, visou debater a log\u00edstica urbana no quadro da \u00c1rea Metropolitana de Lisboa, particularmente no \u2018Estudo sobre a evolu\u00e7\u00e3o da log\u00edstica na \u00c1rea Metropolitana de Lisboa e solu\u00e7\u00f5es a promover\u2019.<\/p>\n\n\n\n<p>Apresenta\u00e7\u00f5es dos diversos oradores disponiveis para consulta:<\/p>\n\n\n\n<p><strong><a rel=\"noreferrer noopener\" href=\"https:\/\/www.tmlmobilidade.pt\/wp-content\/uploads\/2022\/03\/TML_Susana_Castelo_TIS_16112021.pdf\" target=\"_blank\">Evolu\u00e7\u00e3o da log\u00edstica na AML e solu\u00e7\u00f5es a promover<\/a><\/strong> &#8211; Susana Castelo, TIS<\/p>\n\n\n\n<p><strong><a href=\"https:\/\/www.tmlmobilidade.pt\/wp-content\/uploads\/2022\/03\/TML_Joa_Tiago_Carapau_16112021.pdf\" target=\"_blank\" rel=\"noreferrer noopener\">MARL: um Mercado Metropolitano em duas margens<\/a><\/strong> &#8211; Jo\u00e3o Tiago Carapau, SIMAB<\/p>\n\n\n\n<p><strong><a href=\"https:\/\/www.tmlmobilidade.pt\/wp-content\/uploads\/2022\/03\/TML_Carlos_Fernandes_IP_16112021.pdf\" target=\"_blank\" rel=\"noreferrer noopener\">Papel do sistema rodoferrovi\u00e1rio nacional na log\u00edstica da AML<\/a><\/strong> &#8211;  Carlos Fernandes, IP<\/p>\n\n\n\n<p><strong><a href=\"https:\/\/www.tmlmobilidade.pt\/wp-content\/uploads\/2022\/03\/TML_Nuno_Bento_CCDR_LVT_16112021.pdf\" target=\"_blank\" rel=\"noreferrer noopener\">Da inova\u00e7\u00e3o \u00e0 coes\u00e3o territorial<\/a> <\/strong>&#8211; Nuno Bento, CCDR &#8211; LVT<\/p>\n\n\n\n<p><strong><a href=\"https:\/\/www.tmlmobilidade.pt\/wp-content\/uploads\/2022\/03\/TML_Artur_Andrade_GS1_16112021.pdf\" target=\"_blank\" rel=\"noreferrer noopener\">A organiza\u00e7\u00e3o da cadeia log\u00edstica<\/a><\/strong> &#8211; Artur Andrade, GS1<\/p>\n\n\n\n<p><strong><a href=\"https:\/\/www.tmlmobilidade.pt\/wp-content\/uploads\/2022\/03\/TML_Fernando_Liesa_ALICE_16112021.pdf\" target=\"_blank\" rel=\"noreferrer noopener\">Main trends, policies and opportunities for research and innovation<\/a><\/strong> &#8211; Fernando Liesa, ALICE<\/p>\n\n\n\n<p><strong><a rel=\"noreferrer noopener\" href=\"https:\/\/www.tmlmobilidade.pt\/wp-content\/uploads\/2022\/03\/TML_Sandra-Ferreira_ANA_16112021.pdf\" target=\"_blank\">C<\/a><a rel=\"noreferrer noopener\" href=\"https:\/\/www.tmlmobilidade.pt\/wp-content\/uploads\/2022\/03\/TML_Sandra-Ferreira_ANA_16112021.pdf\" target=\"_blank\">o<\/a><a rel=\"noreferrer noopener\" href=\"https:\/\/www.tmlmobilidade.pt\/wp-content\/uploads\/2022\/03\/TML_Sandra-Ferreira_ANA_16112021.pdf\" target=\"_blank\">n<\/a><a rel=\"noreferrer noopener\" href=\"https:\/\/www.tmlmobilidade.pt\/wp-content\/uploads\/2022\/03\/TML_Sandra-Ferreira_ANA_16112021.pdf\" target=\"_blank\">t<\/a><a rel=\"noreferrer noopener\" href=\"https:\/\/www.tmlmobilidade.pt\/wp-content\/uploads\/2022\/03\/TML_Sandra-Ferreira_ANA_16112021.pdf\" target=\"_blank\">r<\/a><a rel=\"noreferrer noopener\" href=\"https:\/\/www.tmlmobilidade.pt\/wp-content\/uploads\/2022\/03\/TML_Sandra-Ferreira_ANA_16112021.pdf\" target=\"_blank\">i<\/a><a rel=\"noreferrer noopener\" href=\"https:\/\/www.tmlmobilidade.pt\/wp-content\/uploads\/2022\/03\/TML_Sandra-Ferreira_ANA_16112021.pdf\" target=\"_blank\">b<\/a><a rel=\"noreferrer noopener\" href=\"https:\/\/www.tmlmobilidade.pt\/wp-content\/uploads\/2022\/03\/TML_Sandra-Ferreira_ANA_16112021.pdf\" target=\"_blank\">u<\/a><a rel=\"noreferrer noopener\" href=\"https:\/\/www.tmlmobilidade.pt\/wp-content\/uploads\/2022\/03\/TML_Sandra-Ferreira_ANA_16112021.pdf\" target=\"_blank\">t<\/a><a rel=\"noreferrer noopener\" href=\"https:\/\/www.tmlmobilidade.pt\/wp-content\/uploads\/2022\/03\/TML_Sandra-Ferreira_ANA_16112021.pdf\" target=\"_blank\">o<\/a><a rel=\"noreferrer noopener\" href=\"https:\/\/www.tmlmobilidade.pt\/wp-content\/uploads\/2022\/03\/TML_Sandra-Ferreira_ANA_16112021.pdf\" target=\"_blank\">s<\/a><a rel=\"noreferrer noopener\" href=\"https:\/\/www.tmlmobilidade.pt\/wp-content\/uploads\/2022\/03\/TML_Sandra-Ferreira_ANA_16112021.pdf\" target=\"_blank\"> <\/a><a rel=\"noreferrer noopener\" href=\"https:\/\/www.tmlmobilidade.pt\/wp-content\/uploads\/2022\/03\/TML_Sandra-Ferreira_ANA_16112021.pdf\" target=\"_blank\">d<\/a><a rel=\"noreferrer noopener\" href=\"https:\/\/www.tmlmobilidade.pt\/wp-content\/uploads\/2022\/03\/TML_Sandra-Ferreira_ANA_16112021.pdf\" target=\"_blank\">a<\/a><a rel=\"noreferrer noopener\" href=\"https:\/\/www.tmlmobilidade.pt\/wp-content\/uploads\/2022\/03\/TML_Sandra-Ferreira_ANA_16112021.pdf\" target=\"_blank\"> <\/a><a rel=\"noreferrer noopener\" href=\"https:\/\/www.tmlmobilidade.pt\/wp-content\/uploads\/2022\/03\/TML_Sandra-Ferreira_ANA_16112021.pdf\" target=\"_blank\">A<\/a><a rel=\"noreferrer noopener\" href=\"https:\/\/www.tmlmobilidade.pt\/wp-content\/uploads\/2022\/03\/TML_Sandra-Ferreira_ANA_16112021.pdf\" target=\"_blank\">N<\/a><a rel=\"noreferrer noopener\" href=\"https:\/\/www.tmlmobilidade.pt\/wp-content\/uploads\/2022\/03\/TML_Sandra-Ferreira_ANA_16112021.pdf\" target=\"_blank\">A<\/a><a rel=\"noreferrer noopener\" href=\"https:\/\/www.tmlmobilidade.pt\/wp-content\/uploads\/2022\/03\/TML_Sandra-Ferreira_ANA_16112021.pdf\" target=\"_blank\"> Aeroportos de Portugal<\/a><a rel=\"noreferrer noopener\" href=\"https:\/\/www.tmlmobilidade.pt\/wp-content\/uploads\/2022\/03\/TML_Sandra-Ferreira_ANA_16112021.pdf\" target=\"_blank\"> <\/a><\/strong>&#8211; Sandra Ferreira, ANA<\/p>\n\n\n\n<p><a rel=\"noreferrer noopener\" href=\"https:\/\/www.tmlmobilidade.pt\/wp-content\/uploads\/2022\/03\/TML_Manuela-Patricio_Porto-de-Lisboa_16112021.pdf\" target=\"_blank\"><strong>Contributos da Associa\u00e7\u00e3o do Porto de Lisboa<\/strong><\/a> &#8211; Manuela Patr\u00edcio, APL<\/p>\n\n\n\n<hr class=\"wp-block-separator\"\/>\n\n\n\n<div style=\"height:100px\" aria-hidden=\"true\" class=\"wp-block-spacer\"><\/div>\n\n\n\n<p><strong>2<\/strong>4.<strong>Mar.2022 | O regresso da Ind\u00fastria: Plataformas de Transportes de Mercadorias e a Agenda 2030\u2019<\/strong><\/p>\n\n\n\n<p>Aceda <a rel=\"noreferrer noopener\" href=\"https:\/\/www.tmlmobilidade.pt\/wp-content\/uploads\/2022\/03\/Rui_Lopo_estudo_logistica_TML-3.pdf\" target=\"_blank\">aqui <\/a>\u00e0 apresenta\u00e7\u00e3o por parte do administrador Rui Lopo no debate sobre o Regresso da Ind\u00fastria da GS1 Portugal.<\/p>\n\n\n\n<figure class=\"wp-block-image size-full\"><img loading=\"lazy\" width=\"990\" height=\"403\" src=\"https:\/\/www.tmlmobilidade.pt\/wp-content\/uploads\/2022\/03\/eventorui.png\" alt=\"\" class=\"wp-image-2677\" srcset=\"https:\/\/www.tmlmobilidade.pt\/wp-content\/uploads\/2022\/03\/eventorui.png 990w, https:\/\/www.tmlmobilidade.pt\/wp-content\/uploads\/2022\/03\/eventorui-300x122.png 300w, https:\/\/www.tmlmobilidade.pt\/wp-content\/uploads\/2022\/03\/eventorui-768x313.png 768w\" sizes=\"(max-width: 990px) 100vw, 990px\" \/><\/figure>\n","protected":false},"excerpt":{"rendered":"<p>A TML desenvolveu um estudo sobre a evolu\u00e7\u00e3o da log\u00edstica na \u00c1rea Metropolitana de Lisboa, onde procurou identificar as diferentes solu\u00e7\u00f5es a promover com os objectivos de, por um lado, conhecer as novas din\u00e2micas e a organiza\u00e7\u00e3o dos sistemas log\u00edsticos na AML e, por outro, poder apontar solu\u00e7\u00f5es a promover no \u00e2mbito da log\u00edstica urbana<a class=\"excerpt-read-more\" href=\"https:\/\/www.tmlmobilidade.pt\/en\/projetos-e-atividades\/planos-e-estudos\/estudo-sobre-a-evolucao-da-logistica-na-area-metropolitana-de-lisboa\/\" title=\"ReadEstudo sobre a evolu\u00e7\u00e3o da log\u00edstica na \u00c1rea Metropolitana de Lisboa\">&#8230; Read more &raquo;<\/a><\/p>\n","protected":false},"author":2,"featured_media":0,"comment_status":"closed","ping_status":"closed","sticky":false,"template":"","format":"standard","meta":[],"categories":[1],"tags":[],"acf":[],"_links":{"self":[{"href":"https:\/\/www.tmlmobilidade.pt\/en\/wp-json\/wp\/v2\/posts\/2618"}],"collection":[{"href":"https:\/\/www.tmlmobilidade.pt\/en\/wp-json\/wp\/v2\/posts"}],"about":[{"href":"https:\/\/www.tmlmobilidade.pt\/en\/wp-json\/wp\/v2\/types\/post"}],"author":[{"embeddable":true,"href":"https:\/\/www.tmlmobilidade.pt\/en\/wp-json\/wp\/v2\/users\/2"}],"replies":[{"embeddable":true,"href":"https:\/\/www.tmlmobilidade.pt\/en\/wp-json\/wp\/v2\/comments?post=2618"}],"version-history":[{"count":21,"href":"https:\/\/www.tmlmobilidade.pt\/en\/wp-json\/wp\/v2\/posts\/2618\/revisions"}],"predecessor-version":[{"id":2678,"href":"https:\/\/www.tmlmobilidade.pt\/en\/wp-json\/wp\/v2\/posts\/2618\/revisions\/2678"}],"wp:attachment":[{"href":"https:\/\/www.tmlmobilidade.pt\/en\/wp-json\/wp\/v2\/media?parent=2618"}],"wp:term":[{"taxonomy":"category","embeddable":true,"href":"https:\/\/www.tmlmobilidade.pt\/en\/wp-json\/wp\/v2\/categories?post=2618"},{"taxonomy":"post_tag","embeddable":true,"href":"https:\/\/www.tmlmobilidade.pt\/en\/wp-json\/wp\/v2\/tags?post=2618"}],"curies":[{"name":"wp","href":"https:\/\/api.w.org\/{rel}","templated":true}]}}