{"id":2606,"date":"2022-03-17T10:07:06","date_gmt":"2022-03-17T10:07:06","guid":{"rendered":"https:\/\/www.tmlmobilidade.pt\/?p=2606"},"modified":"2022-03-24T09:55:38","modified_gmt":"2022-03-24T09:55:38","slug":"o-regresso-da-industria-plataformas-de-transportes-de-mercadorias-e-a-agenda-2030-gs1-portugal","status":"publish","type":"post","link":"https:\/\/www.tmlmobilidade.pt\/en\/comunicacao\/noticias\/o-regresso-da-industria-plataformas-de-transportes-de-mercadorias-e-a-agenda-2030-gs1-portugal\/","title":{"rendered":"\u201cO regresso da Ind\u00fastria: Plataformas de Transportes de Mercadorias e a Agenda 2030\u201d"},"content":{"rendered":"\n<p>No pr\u00f3ximo dia 24 de Mar\u00e7o a&nbsp;<a href=\"https:\/\/www.linkedin.com\/company\/transportesmetropolitanosdelisboa\/\">TML &#8211; Transportes Metropolitanos de Lisboa<\/a>&nbsp;estar\u00e1 representada pelo seu administrador&nbsp;<a href=\"https:\/\/www.linkedin.com\/in\/ACoAAAltkN4BLMbGvZpLyhVDfhTBYNaAAofK-m8\">Rui Lopo<\/a>&nbsp;na apresenta\u00e7\u00e3o e no debate sobre &#8220;\u201cO regresso da Ind\u00fastria: Plataformas de Transportes de Mercadorias e a Agenda 2030\u201d, organizado online e gratuitamente pela&nbsp;<a href=\"https:\/\/www.linkedin.com\/company\/gs1-portugal\/\">GS1 Portugal<\/a>.<\/p>\n\n\n\n<p>Para mais informa\u00e7\u00f5es, inscri\u00e7\u00f5es e para consultar o programa completo aceda ao link partilhado pela&nbsp;<a href=\"https:\/\/www.linkedin.com\/company\/gs1-portugal\/\">GS1 Portugal<\/a>:&nbsp;<a href=\"https:\/\/lnkd.in\/daiCNmhY\">https:\/\/lnkd.in\/daiCNmhY<\/a><\/p>\n","protected":false},"excerpt":{"rendered":"<p>No pr\u00f3ximo dia 24 de Mar\u00e7o a&nbsp;TML &#8211; Transportes Metropolitanos de Lisboa&nbsp;estar\u00e1 representada pelo seu administrador&nbsp;Rui Lopo&nbsp;na apresenta\u00e7\u00e3o e no debate sobre &#8220;\u201cO regresso da Ind\u00fastria: Plataformas de Transportes de Mercadorias e a Agenda 2030\u201d, organizado online e gratuitamente pela&nbsp;GS1 Portugal. Para mais informa\u00e7\u00f5es, inscri\u00e7\u00f5es e para consultar o programa completo aceda ao link partilhado<a class=\"excerpt-read-more\" href=\"https:\/\/www.tmlmobilidade.pt\/en\/comunicacao\/noticias\/o-regresso-da-industria-plataformas-de-transportes-de-mercadorias-e-a-agenda-2030-gs1-portugal\/\" title=\"Read\u201cO regresso da Ind\u00fastria: Plataformas de Transportes de Mercadorias e a Agenda 2030\u201d\">&#8230; Read more &raquo;<\/a><\/p>\n","protected":false},"author":2,"featured_media":0,"comment_status":"closed","ping_status":"closed","sticky":false,"template":"","format":"standard","meta":[],"categories":[47],"tags":[],"acf":[],"_links":{"self":[{"href":"https:\/\/www.tmlmobilidade.pt\/en\/wp-json\/wp\/v2\/posts\/2606"}],"collection":[{"href":"https:\/\/www.tmlmobilidade.pt\/en\/wp-json\/wp\/v2\/posts"}],"about":[{"href":"https:\/\/www.tmlmobilidade.pt\/en\/wp-json\/wp\/v2\/types\/post"}],"author":[{"embeddable":true,"href":"https:\/\/www.tmlmobilidade.pt\/en\/wp-json\/wp\/v2\/users\/2"}],"replies":[{"embeddable":true,"href":"https:\/\/www.tmlmobilidade.pt\/en\/wp-json\/wp\/v2\/comments?post=2606"}],"version-history":[{"count":4,"href":"https:\/\/www.tmlmobilidade.pt\/en\/wp-json\/wp\/v2\/posts\/2606\/revisions"}],"predecessor-version":[{"id":2620,"href":"https:\/\/www.tmlmobilidade.pt\/en\/wp-json\/wp\/v2\/posts\/2606\/revisions\/2620"}],"wp:attachment":[{"href":"https:\/\/www.tmlmobilidade.pt\/en\/wp-json\/wp\/v2\/media?parent=2606"}],"wp:term":[{"taxonomy":"category","embeddable":true,"href":"https:\/\/www.tmlmobilidade.pt\/en\/wp-json\/wp\/v2\/categories?post=2606"},{"taxonomy":"post_tag","embeddable":true,"href":"https:\/\/www.tmlmobilidade.pt\/en\/wp-json\/wp\/v2\/tags?post=2606"}],"curies":[{"name":"wp","href":"https:\/\/api.w.org\/{rel}","templated":true}]}}