{"id":2559,"date":"2022-03-01T08:30:00","date_gmt":"2022-03-01T08:30:00","guid":{"rendered":"https:\/\/www.tmlmobilidade.pt\/?p=2559"},"modified":"2022-02-28T15:40:16","modified_gmt":"2022-02-28T15:40:16","slug":"dia-da-protecao-civil","status":"publish","type":"post","link":"https:\/\/www.tmlmobilidade.pt\/en\/comunicacao\/noticias\/dia-da-protecao-civil\/","title":{"rendered":"Dia da Prote\u00e7\u00e3o Civil"},"content":{"rendered":"\n<p>A TML agradece a todas as for\u00e7as de seguran\u00e7a e emerg\u00eancia que zelam por todos n\u00f3s, neste dia da Prote\u00e7\u00e3o Civil!<\/p>\n\n\n\n<figure class=\"wp-block-video\"><video controls src=\"https:\/\/www.tmlmobilidade.pt\/wp-content\/uploads\/2022\/02\/Spot-promocional-Dia-da-Protecao-Civil-2022.mp4\"><\/video><\/figure>\n","protected":false},"excerpt":{"rendered":"<p>A TML agradece a todas as for\u00e7as de seguran\u00e7a e emerg\u00eancia que zelam por todos n\u00f3s, neste dia da Prote\u00e7\u00e3o Civil!<\/p>\n","protected":false},"author":2,"featured_media":0,"comment_status":"closed","ping_status":"closed","sticky":false,"template":"","format":"standard","meta":[],"categories":[47],"tags":[],"acf":[],"_links":{"self":[{"href":"https:\/\/www.tmlmobilidade.pt\/en\/wp-json\/wp\/v2\/posts\/2559"}],"collection":[{"href":"https:\/\/www.tmlmobilidade.pt\/en\/wp-json\/wp\/v2\/posts"}],"about":[{"href":"https:\/\/www.tmlmobilidade.pt\/en\/wp-json\/wp\/v2\/types\/post"}],"author":[{"embeddable":true,"href":"https:\/\/www.tmlmobilidade.pt\/en\/wp-json\/wp\/v2\/users\/2"}],"replies":[{"embeddable":true,"href":"https:\/\/www.tmlmobilidade.pt\/en\/wp-json\/wp\/v2\/comments?post=2559"}],"version-history":[{"count":5,"href":"https:\/\/www.tmlmobilidade.pt\/en\/wp-json\/wp\/v2\/posts\/2559\/revisions"}],"predecessor-version":[{"id":2570,"href":"https:\/\/www.tmlmobilidade.pt\/en\/wp-json\/wp\/v2\/posts\/2559\/revisions\/2570"}],"wp:attachment":[{"href":"https:\/\/www.tmlmobilidade.pt\/en\/wp-json\/wp\/v2\/media?parent=2559"}],"wp:term":[{"taxonomy":"category","embeddable":true,"href":"https:\/\/www.tmlmobilidade.pt\/en\/wp-json\/wp\/v2\/categories?post=2559"},{"taxonomy":"post_tag","embeddable":true,"href":"https:\/\/www.tmlmobilidade.pt\/en\/wp-json\/wp\/v2\/tags?post=2559"}],"curies":[{"name":"wp","href":"https:\/\/api.w.org\/{rel}","templated":true}]}}